{"id":433,"date":"2025-06-17T23:59:28","date_gmt":"2025-06-17T21:59:28","guid":{"rendered":"https:\/\/ksr-lu.ch\/leitbildprojekte\/?p=433"},"modified":"2025-06-17T23:59:28","modified_gmt":"2025-06-17T21:59:28","slug":"fotowettbewerb-der-klasse-k24a","status":"publish","type":"post","link":"https:\/\/ksr-lu.ch\/leitbildprojekte\/2025\/06\/17\/fotowettbewerb-der-klasse-k24a\/","title":{"rendered":"Fotowettbewerb der Klasse K24a"},"content":{"rendered":"<p>Projektzeitraum: 17. M\u00e4rz \u2013 21. M\u00e4rz<\/p>\n<p>Im Rahmen des Leitbildes \u00abKSR verbindet\u00bb wollten wir die Sch\u00fcler der KSR dazu anregen, ihre Kreativit\u00e4t zu zeigen und ihre Sichtweise zu Themen zu teilen. Das wollten wir durch einen schulweiten Fotowettbewerb, welcher f\u00fcnf Themen \u00fcber den Zeitraum von einer Woche beinhaltete, verwirklichen. Die Fotos, welche von den Sch\u00fclern gemacht wurden, sollte einen Einblick darin geben, wie andere Leute etwas sehen und dass jeder einzigartig ist und es immer Platz f\u00fcr eine andere Meinung hat als die eigene.<\/p>\n<p>Diese Idee, f\u00fcr welche wir uns im Endeffekt entschieden haben, war nat\u00fcrlich nicht die erste und kam unserer Klasse erst nach vielen, nicht gut umsetzbaren Ideen. Trotzdem war unsere Klasse schlussendlich einstimmig f\u00fcr den Fotowettbewerb.<\/p>\n<p>Unsere Klasse hat sich dann f\u00fcr die Vorbereitung und Organisation des Projektes in Gruppen aufgeteilt. Jede dieser Gruppen hat ihren Teil zur Vorbereitung gemacht, wodurch die Vorbereitungszeit des Projektes sehr schnell und geordnet verlief. Dadurch konnten wir unser Projekt zeitnahe nach der Idee realisieren.<\/p>\n<p>Die Durchf\u00fchrung:<\/p>\n<p>In der Woche vor dem Start des Projektes haben wir Plakate mit allen Informationen im Schulhaus aufgeh\u00e4ngt. Auf diesen Plakaten stand auch der QR-Code, \u00fcber welchen man die Fotos einreichen konnte. Diese Fotos wurden dann von der Klasse bewertet und f\u00fcr jeden Tag, und somit Thema, wurde ein Gewinner gew\u00e4hlt.<\/p>\n<p>Als Themen f\u00fcr die Fotos entschieden wir uns wie folgt:<\/p>\n<ul>\n<li>Himmelbild<\/li>\n<li>Verborgene Details der Schule<\/li>\n<li>Bilder vom Essen<\/li>\n<li>Interessante Tiere<\/li>\n<li>Graffiti und Street-Art<\/li>\n<\/ul>\n<p><img class=\"wp-image-434\" src=\"http:\/\/ksr-lu.ch\/leitbildprojekte\/wp-content\/uploads\/sites\/65\/2025\/06\/ein-bild-das-draussen-himmel-wolke-baum-enthalt.jpeg\" alt=\"Ein Bild, das drau\u00dfen, Himmel, Wolke, Baum enth\u00e4lt.\n\nKI-generierte Inhalte k\u00f6nnen fehlerhaft sein.\" width=\"376\" height=\"501\" srcset=\"https:\/\/ksr-lu.ch\/leitbildprojekte\/wp-content\/uploads\/sites\/65\/2025\/06\/ein-bild-das-draussen-himmel-wolke-baum-enthalt.jpeg 482w, https:\/\/ksr-lu.ch\/leitbildprojekte\/wp-content\/uploads\/sites\/65\/2025\/06\/ein-bild-das-draussen-himmel-wolke-baum-enthalt-225x300.jpeg 225w, https:\/\/ksr-lu.ch\/leitbildprojekte\/wp-content\/uploads\/sites\/65\/2025\/06\/ein-bild-das-draussen-himmel-wolke-baum-enthalt-263x350.jpeg 263w, https:\/\/ksr-lu.ch\/leitbildprojekte\/wp-content\/uploads\/sites\/65\/2025\/06\/ein-bild-das-draussen-himmel-wolke-baum-enthalt-113x150.jpeg 113w\" sizes=\"(max-width: 376px) 100vw, 376px\" \/><\/p>\n<p>In der Woche der Durchf\u00fchrung haben wir das erste Thema f\u00fcr die Fotos auf die Geburtstagstafel im Lichthof geschrieben. Von nun an konnten die Sch\u00fcler also die eigenen Fotos machen und einreichen. Am ersten Tag gab es noch am meisten Einreichungen, die Einreichungen sanken dann schliesslich gegen Ende Woche. Die Qualit\u00e4t der Einreichungen schwankte auch stark.<\/p>\n<p>Wir m\u00f6chten uns auch noch stark bedanken f\u00fcr alle Einreichungen und die M\u00fche von jedem, der teilgenommen hat.<\/p>\n<p><img width=\"747\" height=\"1600\" class=\"wp-image-435\" src=\"http:\/\/ksr-lu.ch\/leitbildprojekte\/wp-content\/uploads\/sites\/65\/2025\/06\/ein-bild-das-kompositmaterial-gebaude-reihe-wa.jpeg\" alt=\"Ein Bild, das Kompositmaterial, Geb\u00e4ude, Reihe, Wand enth\u00e4lt.\n\nKI-generierte Inhalte k\u00f6nnen fehlerhaft sein.\" srcset=\"https:\/\/ksr-lu.ch\/leitbildprojekte\/wp-content\/uploads\/sites\/65\/2025\/06\/ein-bild-das-kompositmaterial-gebaude-reihe-wa.jpeg 747w, https:\/\/ksr-lu.ch\/leitbildprojekte\/wp-content\/uploads\/sites\/65\/2025\/06\/ein-bild-das-kompositmaterial-gebaude-reihe-wa-140x300.jpeg 140w, https:\/\/ksr-lu.ch\/leitbildprojekte\/wp-content\/uploads\/sites\/65\/2025\/06\/ein-bild-das-kompositmaterial-gebaude-reihe-wa-478x1024.jpeg 478w, https:\/\/ksr-lu.ch\/leitbildprojekte\/wp-content\/uploads\/sites\/65\/2025\/06\/ein-bild-das-kompositmaterial-gebaude-reihe-wa-717x1536.jpeg 717w, https:\/\/ksr-lu.ch\/leitbildprojekte\/wp-content\/uploads\/sites\/65\/2025\/06\/ein-bild-das-kompositmaterial-gebaude-reihe-wa-163x350.jpeg 163w, https:\/\/ksr-lu.ch\/leitbildprojekte\/wp-content\/uploads\/sites\/65\/2025\/06\/ein-bild-das-kompositmaterial-gebaude-reihe-wa-70x150.jpeg 70w\" sizes=\"(max-width: 747px) 100vw, 747px\" \/><\/p>\n","protected":false},"excerpt":{"rendered":"<p>Projektzeitraum: 17. M\u00e4rz \u2013 21. M\u00e4rz Im Rahmen des Leitbildes \u00abKSR verbindet\u00bb wollten wir die Sch\u00fcler der KSR dazu anregen, ihre Kreativit\u00e4t zu zeigen und ihre Sichtweise zu Themen zu\u2026 <a class=\"continue-reading-link\" href=\"https:\/\/ksr-lu.ch\/leitbildprojekte\/2025\/06\/17\/fotowettbewerb-der-klasse-k24a\/\">weiterlesen<\/a><\/p>\n","protected":false},"author":73,"featured_media":0,"comment_status":"open","ping_status":"open","sticky":false,"template":"","format":"standard","meta":[],"categories":[5],"tags":[],"_links":{"self":[{"href":"https:\/\/ksr-lu.ch\/leitbildprojekte\/wp-json\/wp\/v2\/posts\/433"}],"collection":[{"href":"https:\/\/ksr-lu.ch\/leitbildprojekte\/wp-json\/wp\/v2\/posts"}],"about":[{"href":"https:\/\/ksr-lu.ch\/leitbildprojekte\/wp-json\/wp\/v2\/types\/post"}],"author":[{"embeddable":true,"href":"https:\/\/ksr-lu.ch\/leitbildprojekte\/wp-json\/wp\/v2\/users\/73"}],"replies":[{"embeddable":true,"href":"https:\/\/ksr-lu.ch\/leitbildprojekte\/wp-json\/wp\/v2\/comments?post=433"}],"version-history":[{"count":1,"href":"https:\/\/ksr-lu.ch\/leitbildprojekte\/wp-json\/wp\/v2\/posts\/433\/revisions"}],"predecessor-version":[{"id":436,"href":"https:\/\/ksr-lu.ch\/leitbildprojekte\/wp-json\/wp\/v2\/posts\/433\/revisions\/436"}],"wp:attachment":[{"href":"https:\/\/ksr-lu.ch\/leitbildprojekte\/wp-json\/wp\/v2\/media?parent=433"}],"wp:term":[{"taxonomy":"category","embeddable":true,"href":"https:\/\/ksr-lu.ch\/leitbildprojekte\/wp-json\/wp\/v2\/categories?post=433"},{"taxonomy":"post_tag","embeddable":true,"href":"https:\/\/ksr-lu.ch\/leitbildprojekte\/wp-json\/wp\/v2\/tags?post=433"}],"curies":[{"name":"wp","href":"https:\/\/api.w.org\/{rel}","templated":true}]}}