{"id":373,"date":"2025-05-26T12:59:49","date_gmt":"2025-05-26T10:59:49","guid":{"rendered":"https:\/\/ksr-lu.ch\/leitbildprojekte\/?p=373"},"modified":"2025-05-28T17:22:54","modified_gmt":"2025-05-28T15:22:54","slug":"gemeinsam-verschieden-ein-kulturelles-projekt-mit-herz","status":"publish","type":"post","link":"https:\/\/ksr-lu.ch\/leitbildprojekte\/2025\/05\/26\/gemeinsam-verschieden-ein-kulturelles-projekt-mit-herz\/","title":{"rendered":"Gemeinsam verschieden \u2013 Ein kulturelles Projekt mit Herz der Klasse L24b"},"content":{"rendered":"\n<p>Ein Tag der Kulturen \u2013 Unser Leitbildprojekt an der Kantonsschule Reussb\u00fchl<\/p>\n\n\n<p><img width=\"572\" height=\"429\" class=\"wp-image-386\" src=\"http:\/\/ksr-lu.ch\/leitbildprojekte\/wp-content\/uploads\/sites\/65\/2025\/05\/word-image-373-1-1.png\" srcset=\"https:\/\/ksr-lu.ch\/leitbildprojekte\/wp-content\/uploads\/sites\/65\/2025\/05\/word-image-373-1-1.png 572w, https:\/\/ksr-lu.ch\/leitbildprojekte\/wp-content\/uploads\/sites\/65\/2025\/05\/word-image-373-1-1-300x225.png 300w, https:\/\/ksr-lu.ch\/leitbildprojekte\/wp-content\/uploads\/sites\/65\/2025\/05\/word-image-373-1-1-467x350.png 467w, https:\/\/ksr-lu.ch\/leitbildprojekte\/wp-content\/uploads\/sites\/65\/2025\/05\/word-image-373-1-1-150x113.png 150w\" sizes=\"(max-width: 572px) 100vw, 572px\" \/><\/p>\n<p>Am 7. April 2025 durften wir, die Klasse L24b, unser Leitbildprojekt an der Kantonsschule Reussb\u00fchl durchf\u00fchren \u2013 ein Tag, den wir ganz der kulturellen Vielfalt gewidmet haben. Unser Ziel war es, die verschiedenen Kulturen unserer Schule sichtbar und erlebbar zu machen und gleichzeitig etwas Gutes zu tun.<\/p>\n<p><img width=\"404\" height=\"303\" class=\"wp-image-387\" src=\"http:\/\/ksr-lu.ch\/leitbildprojekte\/wp-content\/uploads\/sites\/65\/2025\/05\/word-image-373-2-1.png\" srcset=\"https:\/\/ksr-lu.ch\/leitbildprojekte\/wp-content\/uploads\/sites\/65\/2025\/05\/word-image-373-2-1.png 404w, https:\/\/ksr-lu.ch\/leitbildprojekte\/wp-content\/uploads\/sites\/65\/2025\/05\/word-image-373-2-1-300x225.png 300w, https:\/\/ksr-lu.ch\/leitbildprojekte\/wp-content\/uploads\/sites\/65\/2025\/05\/word-image-373-2-1-150x113.png 150w\" sizes=\"(max-width: 404px) 100vw, 404px\" \/><\/p>\n<p>Dazu haben wir Spezialit\u00e4ten aus unterschiedlichen L\u00e4ndern gekocht und gebacken \u2013 viele von uns haben dabei traditionelle Familienrezepte verwendet. Die Speisen haben wir w\u00e4hrend der Pausen verkauft und konnten dabei CHF 140.70 sammeln, die wir stolz an World Vision Schweiz und Liechtenstein gespendet haben. Damit m\u00f6chten wir Kinder und Familien in schwierigen Lebenssituationen unterst\u00fctzen.<\/p>\n<p><img width=\"482\" height=\"361\" class=\"wp-image-388\" src=\"http:\/\/ksr-lu.ch\/leitbildprojekte\/wp-content\/uploads\/sites\/65\/2025\/05\/word-image-373-3-1.png\" srcset=\"https:\/\/ksr-lu.ch\/leitbildprojekte\/wp-content\/uploads\/sites\/65\/2025\/05\/word-image-373-3-1.png 482w, https:\/\/ksr-lu.ch\/leitbildprojekte\/wp-content\/uploads\/sites\/65\/2025\/05\/word-image-373-3-1-300x225.png 300w, https:\/\/ksr-lu.ch\/leitbildprojekte\/wp-content\/uploads\/sites\/65\/2025\/05\/word-image-373-3-1-467x350.png 467w, https:\/\/ksr-lu.ch\/leitbildprojekte\/wp-content\/uploads\/sites\/65\/2025\/05\/word-image-373-3-1-150x112.png 150w\" sizes=\"(max-width: 482px) 100vw, 482px\" \/><\/p>\n<p>Besonders gefreut hat uns, dass die ganze Schule mitgemacht hat: Viele Sch\u00fclerinnen, Sch\u00fcler und Lehrpersonen kamen in traditioneller Kleidung aus ihren Herkunftsl\u00e4ndern, was f\u00fcr eine bunte und fr\u00f6hliche Atmosph\u00e4re im Schulhaus gesorgt hat. In den 15-Minuten-Pausen spielten wir Musik aus aller Welt, was von vielen positiv aufgenommen wurde.<\/p>\n<p><img width=\"596\" height=\"447\" class=\"wp-image-389\" src=\"http:\/\/ksr-lu.ch\/leitbildprojekte\/wp-content\/uploads\/sites\/65\/2025\/05\/word-image-373-4-1.png\" srcset=\"https:\/\/ksr-lu.ch\/leitbildprojekte\/wp-content\/uploads\/sites\/65\/2025\/05\/word-image-373-4-1.png 596w, https:\/\/ksr-lu.ch\/leitbildprojekte\/wp-content\/uploads\/sites\/65\/2025\/05\/word-image-373-4-1-300x225.png 300w, https:\/\/ksr-lu.ch\/leitbildprojekte\/wp-content\/uploads\/sites\/65\/2025\/05\/word-image-373-4-1-467x350.png 467w, https:\/\/ksr-lu.ch\/leitbildprojekte\/wp-content\/uploads\/sites\/65\/2025\/05\/word-image-373-4-1-150x113.png 150w\" sizes=\"(max-width: 596px) 100vw, 596px\" \/><\/p>\n<p>Au\u00dferdem konnten alle freiwillig an einer Umfrage zu ihrer Nationalit\u00e4t teilnehmen. Die Auswertung haben wir per E-Mail verschickt \u2013 es war beeindruckend zu sehen, wie vielf\u00e4ltig unsere Schulgemeinschaft wirklich ist.<\/p>\n<p>Wir sind sehr stolz auf unser Projekt und dankbar f\u00fcr die tolle Beteiligung der ganzen Schule. Es war f\u00fcr uns ein unvergesslicher Tag, der gezeigt hat, wie wertvoll kulturelle Vielfalt ist.<\/p>\n<p><img width=\"1144\" height=\"855\" class=\"wp-image-390\" src=\"http:\/\/ksr-lu.ch\/leitbildprojekte\/wp-content\/uploads\/sites\/65\/2025\/05\/word-image-373-5-1.jpeg\" srcset=\"https:\/\/ksr-lu.ch\/leitbildprojekte\/wp-content\/uploads\/sites\/65\/2025\/05\/word-image-373-5-1.jpeg 1144w, https:\/\/ksr-lu.ch\/leitbildprojekte\/wp-content\/uploads\/sites\/65\/2025\/05\/word-image-373-5-1-300x224.jpeg 300w, https:\/\/ksr-lu.ch\/leitbildprojekte\/wp-content\/uploads\/sites\/65\/2025\/05\/word-image-373-5-1-1024x765.jpeg 1024w, https:\/\/ksr-lu.ch\/leitbildprojekte\/wp-content\/uploads\/sites\/65\/2025\/05\/word-image-373-5-1-768x574.jpeg 768w, https:\/\/ksr-lu.ch\/leitbildprojekte\/wp-content\/uploads\/sites\/65\/2025\/05\/word-image-373-5-1-468x350.jpeg 468w, https:\/\/ksr-lu.ch\/leitbildprojekte\/wp-content\/uploads\/sites\/65\/2025\/05\/word-image-373-5-1-150x112.jpeg 150w\" sizes=\"(max-width: 1144px) 100vw, 1144px\" \/><\/p>\n<p><\/p>","protected":false},"excerpt":{"rendered":"<p>Ein Tag der Kulturen \u2013 Unser Leitbildprojekt an der Kantonsschule Reussb\u00fchl Am 7. April 2025 durften wir, die Klasse L24b, unser Leitbildprojekt an der Kantonsschule Reussb\u00fchl durchf\u00fchren \u2013 ein Tag,\u2026 <a class=\"continue-reading-link\" href=\"https:\/\/ksr-lu.ch\/leitbildprojekte\/2025\/05\/26\/gemeinsam-verschieden-ein-kulturelles-projekt-mit-herz\/\">weiterlesen<\/a><\/p>\n","protected":false},"author":73,"featured_media":0,"comment_status":"open","ping_status":"open","sticky":false,"template":"","format":"standard","meta":[],"categories":[5],"tags":[],"_links":{"self":[{"href":"https:\/\/ksr-lu.ch\/leitbildprojekte\/wp-json\/wp\/v2\/posts\/373"}],"collection":[{"href":"https:\/\/ksr-lu.ch\/leitbildprojekte\/wp-json\/wp\/v2\/posts"}],"about":[{"href":"https:\/\/ksr-lu.ch\/leitbildprojekte\/wp-json\/wp\/v2\/types\/post"}],"author":[{"embeddable":true,"href":"https:\/\/ksr-lu.ch\/leitbildprojekte\/wp-json\/wp\/v2\/users\/73"}],"replies":[{"embeddable":true,"href":"https:\/\/ksr-lu.ch\/leitbildprojekte\/wp-json\/wp\/v2\/comments?post=373"}],"version-history":[{"count":3,"href":"https:\/\/ksr-lu.ch\/leitbildprojekte\/wp-json\/wp\/v2\/posts\/373\/revisions"}],"predecessor-version":[{"id":406,"href":"https:\/\/ksr-lu.ch\/leitbildprojekte\/wp-json\/wp\/v2\/posts\/373\/revisions\/406"}],"wp:attachment":[{"href":"https:\/\/ksr-lu.ch\/leitbildprojekte\/wp-json\/wp\/v2\/media?parent=373"}],"wp:term":[{"taxonomy":"category","embeddable":true,"href":"https:\/\/ksr-lu.ch\/leitbildprojekte\/wp-json\/wp\/v2\/categories?post=373"},{"taxonomy":"post_tag","embeddable":true,"href":"https:\/\/ksr-lu.ch\/leitbildprojekte\/wp-json\/wp\/v2\/tags?post=373"}],"curies":[{"name":"wp","href":"https:\/\/api.w.org\/{rel}","templated":true}]}}