{"id":270,"date":"2023-05-20T15:45:31","date_gmt":"2023-05-20T13:45:31","guid":{"rendered":"https:\/\/ksr-lu.ch\/leitbildprojekte\/?p=270"},"modified":"2023-06-05T17:12:28","modified_gmt":"2023-06-05T15:12:28","slug":"tag-der-kulturen-der-klasse-l22d","status":"publish","type":"post","link":"https:\/\/ksr-lu.ch\/leitbildprojekte\/2023\/05\/20\/tag-der-kulturen-der-klasse-l22d\/","title":{"rendered":"Tag der Kulturen der Klasse L22d"},"content":{"rendered":"\n<p>Mit einem &#8222;Tag der Kulturen&#8220; die bunte kulturelle Vielfalt unserer Schule sichtbar zu machen, das war die Idee zu unserem Leitbildprojekt. Nach einigen Terminkollisionen konnten wir diesen Tag der Kulturen am Freitag, dem 05.05.2023, dann auch an der KSR realisieren.<\/p>\n\n\n\n<figure class=\"wp-block-image size-large\"><img width=\"1024\" height=\"680\" src=\"https:\/\/ksr-lu.ch\/leitbildprojekte\/wp-content\/uploads\/sites\/65\/2023\/05\/DSC_0009-1024x680.jpg\" alt=\"\" class=\"wp-image-273\" srcset=\"https:\/\/ksr-lu.ch\/leitbildprojekte\/wp-content\/uploads\/sites\/65\/2023\/05\/DSC_0009-1024x680.jpg 1024w, https:\/\/ksr-lu.ch\/leitbildprojekte\/wp-content\/uploads\/sites\/65\/2023\/05\/DSC_0009-300x199.jpg 300w, https:\/\/ksr-lu.ch\/leitbildprojekte\/wp-content\/uploads\/sites\/65\/2023\/05\/DSC_0009-768x510.jpg 768w, https:\/\/ksr-lu.ch\/leitbildprojekte\/wp-content\/uploads\/sites\/65\/2023\/05\/DSC_0009-1536x1020.jpg 1536w, https:\/\/ksr-lu.ch\/leitbildprojekte\/wp-content\/uploads\/sites\/65\/2023\/05\/DSC_0009-527x350.jpg 527w, https:\/\/ksr-lu.ch\/leitbildprojekte\/wp-content\/uploads\/sites\/65\/2023\/05\/DSC_0009-150x100.jpg 150w, https:\/\/ksr-lu.ch\/leitbildprojekte\/wp-content\/uploads\/sites\/65\/2023\/05\/DSC_0009.jpg 2048w\" sizes=\"(max-width: 1024px) 100vw, 1024px\" \/><figcaption>Die Klasse L22d hinter ihrem internationalen Verkaufstisch\/ Bild Manuel Ottiger L22d<\/figcaption><\/figure>\n\n\n\n<p>Bei unserem Leitbildprojekt ging es um die Verdeutlichung der kulturellen Vielfalt an unserer Schule. Jeder wurde herzlich eingeladen, einen Tag lang so angekleidet zur Schule zu kommen, dass ein Bezug zu seiner eigenen Kultur deutlich werden sollte, z. B durch ein Landessymbol, eine Tracht, ein Trikot, eine Frisur etc. Wir wurden auch positiv \u00fcberrascht, als wir sahen, wie viele Sch\u00fclerinnen und Sch\u00fcler mitmachten und Freude an unserem Projekt hatten. <\/p>\n\n\n\n<p>Unsere Klasse (L22d) hat dazu kulinarische K\u00f6stlichkeiten aus verschiedensten L\u00e4ndern vorbereitet, die wir in den Pausen verkauft haben.<\/p>\n\n\n\n<p>Insgesamt haben wir ungef\u00e4hr 170 Fr. eingenommen und das gesammelte Geld an die Organisation GRA (Stiftung gegen Rassismus und Antisemitismus) gespendet.<\/p>\n\n\n\n<figure class=\"wp-block-image size-large\"><img width=\"1024\" height=\"680\" src=\"https:\/\/ksr-lu.ch\/leitbildprojekte\/wp-content\/uploads\/sites\/65\/2023\/05\/DSC_0011-1024x680.jpg\" alt=\"\" class=\"wp-image-275\" srcset=\"https:\/\/ksr-lu.ch\/leitbildprojekte\/wp-content\/uploads\/sites\/65\/2023\/05\/DSC_0011-1024x680.jpg 1024w, https:\/\/ksr-lu.ch\/leitbildprojekte\/wp-content\/uploads\/sites\/65\/2023\/05\/DSC_0011-300x199.jpg 300w, https:\/\/ksr-lu.ch\/leitbildprojekte\/wp-content\/uploads\/sites\/65\/2023\/05\/DSC_0011-768x510.jpg 768w, https:\/\/ksr-lu.ch\/leitbildprojekte\/wp-content\/uploads\/sites\/65\/2023\/05\/DSC_0011-1536x1020.jpg 1536w, https:\/\/ksr-lu.ch\/leitbildprojekte\/wp-content\/uploads\/sites\/65\/2023\/05\/DSC_0011-527x350.jpg 527w, https:\/\/ksr-lu.ch\/leitbildprojekte\/wp-content\/uploads\/sites\/65\/2023\/05\/DSC_0011-150x100.jpg 150w, https:\/\/ksr-lu.ch\/leitbildprojekte\/wp-content\/uploads\/sites\/65\/2023\/05\/DSC_0011.jpg 2048w\" sizes=\"(max-width: 1024px) 100vw, 1024px\" \/><figcaption>Dusan Zivkovic L19c in einer serbischen Tracht aus dem 14. Jahrhundert \/ Bild Manuel Ottiger L22d<\/figcaption><\/figure>\n\n\n\n<p>Unser Projekt wurde sehr positiv aufgenommen. Viele Sch\u00fclerinnen und Sch\u00fcler erschienen mit den unterschiedlichsten Trachten, Trikots und Fahnen. Von Thailand bis hin zu Algerien gab es alles. Ein Thail\u00e4nder kam etwa mit einer thail\u00e4ndischen Fahne zur Schule und sagte: \u00abIch finde die Aktion super, denn jetzt sehen die Sch\u00fcler mal, dass ich aus Thailand komme und nicht aus China. Viele haben das Gef\u00fchl, wenn man ein asiatisches Aussehen hat, kommt man direkt aus China, was ein Vorurteil ist.\u00bb<\/p>\n\n\n\n<p>Ebenfalls wurde von einigen gesagt, dass man das Projekt super fand und man so etwas schon lange an der Schule haben wollte, damit man endlich seine kulturelle Herkunft und Zugeh\u00f6rigkeit besser zeigen kann.<\/p>\n\n\n\n<figure class=\"wp-block-image size-large\"><img width=\"1024\" height=\"680\" src=\"https:\/\/ksr-lu.ch\/leitbildprojekte\/wp-content\/uploads\/sites\/65\/2023\/05\/DSC_0007-1024x680.jpg\" alt=\"\" class=\"wp-image-274\" srcset=\"https:\/\/ksr-lu.ch\/leitbildprojekte\/wp-content\/uploads\/sites\/65\/2023\/05\/DSC_0007-1024x680.jpg 1024w, https:\/\/ksr-lu.ch\/leitbildprojekte\/wp-content\/uploads\/sites\/65\/2023\/05\/DSC_0007-300x199.jpg 300w, https:\/\/ksr-lu.ch\/leitbildprojekte\/wp-content\/uploads\/sites\/65\/2023\/05\/DSC_0007-768x510.jpg 768w, https:\/\/ksr-lu.ch\/leitbildprojekte\/wp-content\/uploads\/sites\/65\/2023\/05\/DSC_0007-1536x1020.jpg 1536w, https:\/\/ksr-lu.ch\/leitbildprojekte\/wp-content\/uploads\/sites\/65\/2023\/05\/DSC_0007-527x350.jpg 527w, https:\/\/ksr-lu.ch\/leitbildprojekte\/wp-content\/uploads\/sites\/65\/2023\/05\/DSC_0007-150x100.jpg 150w, https:\/\/ksr-lu.ch\/leitbildprojekte\/wp-content\/uploads\/sites\/65\/2023\/05\/DSC_0007.jpg 2048w\" sizes=\"(max-width: 1024px) 100vw, 1024px\" \/><figcaption>Auch die Zugeh\u00f6rigkeit zur Schweiz und ihrer Kantone konnte deutlich gemacht werden \/ Bild Manuel Ottiger L22d<\/figcaption><\/figure>\n\n\n\n<p>Im Grossen und Ganzen war das ein sehr gelungenes Projekt, das von allen positiv aufgenommen wurde. F\u00fcr einen Tag war die kulturelle Vielfalt der KSR einmal bunt und deutlich sichtbar.<\/p>\n","protected":false},"excerpt":{"rendered":"<p>Mit einem &#8222;Tag der Kulturen&#8220; die bunte kulturelle Vielfalt unserer Schule sichtbar zu machen, das war die Idee zu unserem Leitbildprojekt. Nach einigen Terminkollisionen konnten wir diesen Tag der Kulturen\u2026 <a class=\"continue-reading-link\" href=\"https:\/\/ksr-lu.ch\/leitbildprojekte\/2023\/05\/20\/tag-der-kulturen-der-klasse-l22d\/\">weiterlesen<\/a><\/p>\n","protected":false},"author":1,"featured_media":0,"comment_status":"open","ping_status":"open","sticky":false,"template":"","format":"standard","meta":[],"categories":[5],"tags":[],"_links":{"self":[{"href":"https:\/\/ksr-lu.ch\/leitbildprojekte\/wp-json\/wp\/v2\/posts\/270"}],"collection":[{"href":"https:\/\/ksr-lu.ch\/leitbildprojekte\/wp-json\/wp\/v2\/posts"}],"about":[{"href":"https:\/\/ksr-lu.ch\/leitbildprojekte\/wp-json\/wp\/v2\/types\/post"}],"author":[{"embeddable":true,"href":"https:\/\/ksr-lu.ch\/leitbildprojekte\/wp-json\/wp\/v2\/users\/1"}],"replies":[{"embeddable":true,"href":"https:\/\/ksr-lu.ch\/leitbildprojekte\/wp-json\/wp\/v2\/comments?post=270"}],"version-history":[{"count":7,"href":"https:\/\/ksr-lu.ch\/leitbildprojekte\/wp-json\/wp\/v2\/posts\/270\/revisions"}],"predecessor-version":[{"id":290,"href":"https:\/\/ksr-lu.ch\/leitbildprojekte\/wp-json\/wp\/v2\/posts\/270\/revisions\/290"}],"wp:attachment":[{"href":"https:\/\/ksr-lu.ch\/leitbildprojekte\/wp-json\/wp\/v2\/media?parent=270"}],"wp:term":[{"taxonomy":"category","embeddable":true,"href":"https:\/\/ksr-lu.ch\/leitbildprojekte\/wp-json\/wp\/v2\/categories?post=270"},{"taxonomy":"post_tag","embeddable":true,"href":"https:\/\/ksr-lu.ch\/leitbildprojekte\/wp-json\/wp\/v2\/tags?post=270"}],"curies":[{"name":"wp","href":"https:\/\/api.w.org\/{rel}","templated":true}]}}