{"id":262,"date":"2023-04-10T04:43:01","date_gmt":"2023-04-10T02:43:01","guid":{"rendered":"https:\/\/ksr-lu.ch\/leitbildprojekte\/?p=262"},"modified":"2023-04-10T04:43:54","modified_gmt":"2023-04-10T02:43:54","slug":"bazar-projekt-der-klasse-k22b","status":"publish","type":"post","link":"https:\/\/ksr-lu.ch\/leitbildprojekte\/2023\/04\/10\/bazar-projekt-der-klasse-k22b\/","title":{"rendered":"Bazar-Projekt der Klasse K22b"},"content":{"rendered":"\n<p>Wir, die Klasse K22b, haben in der Klimawoche im Lichthof \u00fcber die Mittagspause unseren bunten Bazar aufgebaut. Aus vielen verschiedenen L\u00e4ndern konnte man Spezialit\u00e4ten kaufen und geniessen, die von den Sch\u00fclerinnen und Sch\u00fclern der Klasse gezaubert worden waren. Da in unserer Klasse 16 verschiedene Nationalit\u00e4ten vertreten sind, konnten wir vielf\u00e4ltige und sehr unterschiedliche Gerichte aus allen Ecken der Welt anbieten. Der gr\u00f6sste Teil der Gerichte waren vegetarisch oder vegan. Neben den leckeren Gerichten konnte man ebenfalls ein Rezeptbuch mit allen Gerichten, die verkauft wurden, erwerben. Sehr beliebt waren beispielsweise die Coxinha de Frango Especial Seara, Panna Cotta, Tortilla de Patatas und \u010cupavci. Die Klasse K22b hatte viel Spass beim Zubereiten und Verkaufen ihrer Leckereien und hofft, dass es Ihnen und euch geschmeckt hat. Der internationale Bazar der Klasse K22b am Dienstag in der Klimawoche war ein grosser Erfolg!<\/p>\n\n\n\n<figure class=\"wp-block-image size-large\"><img width=\"768\" height=\"1024\" src=\"http:\/\/ksr-lu.ch\/leitbildprojekte\/wp-content\/uploads\/sites\/65\/2023\/04\/image001-768x1024.jpg\" alt=\"\" class=\"wp-image-263\" srcset=\"https:\/\/ksr-lu.ch\/leitbildprojekte\/wp-content\/uploads\/sites\/65\/2023\/04\/image001-768x1024.jpg 768w, https:\/\/ksr-lu.ch\/leitbildprojekte\/wp-content\/uploads\/sites\/65\/2023\/04\/image001-225x300.jpg 225w, https:\/\/ksr-lu.ch\/leitbildprojekte\/wp-content\/uploads\/sites\/65\/2023\/04\/image001-263x350.jpg 263w, https:\/\/ksr-lu.ch\/leitbildprojekte\/wp-content\/uploads\/sites\/65\/2023\/04\/image001-113x150.jpg 113w, https:\/\/ksr-lu.ch\/leitbildprojekte\/wp-content\/uploads\/sites\/65\/2023\/04\/image001.jpg 939w\" sizes=\"(max-width: 768px) 100vw, 768px\" \/><\/figure>\n\n\n\n<figure class=\"wp-block-image size-large\"><img width=\"1024\" height=\"768\" src=\"http:\/\/ksr-lu.ch\/leitbildprojekte\/wp-content\/uploads\/sites\/65\/2023\/04\/image005-1024x768.png\" alt=\"\" class=\"wp-image-265\" srcset=\"https:\/\/ksr-lu.ch\/leitbildprojekte\/wp-content\/uploads\/sites\/65\/2023\/04\/image005-1024x768.png 1024w, https:\/\/ksr-lu.ch\/leitbildprojekte\/wp-content\/uploads\/sites\/65\/2023\/04\/image005-300x225.png 300w, https:\/\/ksr-lu.ch\/leitbildprojekte\/wp-content\/uploads\/sites\/65\/2023\/04\/image005-768x576.png 768w, https:\/\/ksr-lu.ch\/leitbildprojekte\/wp-content\/uploads\/sites\/65\/2023\/04\/image005-467x350.png 467w, https:\/\/ksr-lu.ch\/leitbildprojekte\/wp-content\/uploads\/sites\/65\/2023\/04\/image005-150x113.png 150w, https:\/\/ksr-lu.ch\/leitbildprojekte\/wp-content\/uploads\/sites\/65\/2023\/04\/image005.png 1280w\" sizes=\"(max-width: 1024px) 100vw, 1024px\" \/><\/figure>\n","protected":false},"excerpt":{"rendered":"<p>Wir, die Klasse K22b, haben in der Klimawoche im Lichthof \u00fcber die Mittagspause unseren bunten Bazar aufgebaut. Aus vielen verschiedenen L\u00e4ndern konnte man Spezialit\u00e4ten kaufen und geniessen, die von den\u2026 <a class=\"continue-reading-link\" href=\"https:\/\/ksr-lu.ch\/leitbildprojekte\/2023\/04\/10\/bazar-projekt-der-klasse-k22b\/\">weiterlesen<\/a><\/p>\n","protected":false},"author":5,"featured_media":264,"comment_status":"open","ping_status":"open","sticky":false,"template":"","format":"standard","meta":[],"categories":[1],"tags":[],"_links":{"self":[{"href":"https:\/\/ksr-lu.ch\/leitbildprojekte\/wp-json\/wp\/v2\/posts\/262"}],"collection":[{"href":"https:\/\/ksr-lu.ch\/leitbildprojekte\/wp-json\/wp\/v2\/posts"}],"about":[{"href":"https:\/\/ksr-lu.ch\/leitbildprojekte\/wp-json\/wp\/v2\/types\/post"}],"author":[{"embeddable":true,"href":"https:\/\/ksr-lu.ch\/leitbildprojekte\/wp-json\/wp\/v2\/users\/5"}],"replies":[{"embeddable":true,"href":"https:\/\/ksr-lu.ch\/leitbildprojekte\/wp-json\/wp\/v2\/comments?post=262"}],"version-history":[{"count":2,"href":"https:\/\/ksr-lu.ch\/leitbildprojekte\/wp-json\/wp\/v2\/posts\/262\/revisions"}],"predecessor-version":[{"id":267,"href":"https:\/\/ksr-lu.ch\/leitbildprojekte\/wp-json\/wp\/v2\/posts\/262\/revisions\/267"}],"wp:featuredmedia":[{"embeddable":true,"href":"https:\/\/ksr-lu.ch\/leitbildprojekte\/wp-json\/wp\/v2\/media\/264"}],"wp:attachment":[{"href":"https:\/\/ksr-lu.ch\/leitbildprojekte\/wp-json\/wp\/v2\/media?parent=262"}],"wp:term":[{"taxonomy":"category","embeddable":true,"href":"https:\/\/ksr-lu.ch\/leitbildprojekte\/wp-json\/wp\/v2\/categories?post=262"},{"taxonomy":"post_tag","embeddable":true,"href":"https:\/\/ksr-lu.ch\/leitbildprojekte\/wp-json\/wp\/v2\/tags?post=262"}],"curies":[{"name":"wp","href":"https:\/\/api.w.org\/{rel}","templated":true}]}}