{"id":160,"date":"2020-03-19T20:50:44","date_gmt":"2020-03-19T19:50:44","guid":{"rendered":"http:\/\/ksr-lu.ch\/leitbildprojekte\/?p=160"},"modified":"2020-03-19T20:53:00","modified_gmt":"2020-03-19T19:53:00","slug":"bienenwachstuecher-projekt-der-klasse-3d","status":"publish","type":"post","link":"https:\/\/ksr-lu.ch\/leitbildprojekte\/2020\/03\/19\/bienenwachstuecher-projekt-der-klasse-3d\/","title":{"rendered":"Bienenwachst\u00fccher-Projekt der Klasse 3d"},"content":{"rendered":"\n<p>Wir, die Klasse 3d, haben uns dazu entscheiden, unser Leitbildprojekt mit der Klimawoche 2020 an der KSR zu verbinden. Wir kamen zum Schluss, dass wir Bienenwachst\u00fccher herstellen wollten, um zu zeigen, dass es Alternativen f\u00fcr Plastik und Alu gibt. Am Freitag, 6. M\u00e4rz 2020, haben wir uns deshalb nach der Schule getroffen und zusammen solche T\u00fccher hergestellt. Die Herstellung war einfach, es machte Spass und es st\u00e4rkte den Klassengeist. Gleichzeitig haben wir etwas Gutes f\u00fcr die Umwelt getan. Die T\u00fccher sehen nicht nur super aus, sondern ersetzen umweltsch\u00e4dliche Frischhalte- und Alufolien. Zur Verdeutlichung, wie schlecht die Klimabilanz von beispielsweise Alufolie ist, hier ein Fakt: Beim Herstellen einer Tonne Aluminium fallen <a rel=\"noreferrer noopener\" href=\"https:\/\/www.regenwald.org\/themen\/aluminium\/fragen-und-antworten\" target=\"_blank\">bis zu sechs Tonnen Giftschlamm<\/a> an. Je nach Gesetzeslage im Abbauland landet der giftige Schlamm auf Deponien oder in grossen Seen und Fl\u00fcssen. Dies zerst\u00f6rt ganze \u00d6kosysteme direkt, denn der Giftschlamm ist t\u00f6dlich f\u00fcr Flora und Fauna.<\/p>\n\n\n\n<div class=\"wp-block-image\"><figure class=\"aligncenter size-large\"><img width=\"411\" height=\"548\" src=\"https:\/\/ksr-lu.ch\/leitbildprojekte\/wp-content\/uploads\/sites\/65\/2020\/03\/Bild-1_Stoffe-ausschneiden_Leitbildprojekt-3d.jpg\" alt=\"\" class=\"wp-image-161\" srcset=\"https:\/\/ksr-lu.ch\/leitbildprojekte\/wp-content\/uploads\/sites\/65\/2020\/03\/Bild-1_Stoffe-ausschneiden_Leitbildprojekt-3d.jpg 411w, https:\/\/ksr-lu.ch\/leitbildprojekte\/wp-content\/uploads\/sites\/65\/2020\/03\/Bild-1_Stoffe-ausschneiden_Leitbildprojekt-3d-225x300.jpg 225w, https:\/\/ksr-lu.ch\/leitbildprojekte\/wp-content\/uploads\/sites\/65\/2020\/03\/Bild-1_Stoffe-ausschneiden_Leitbildprojekt-3d-263x350.jpg 263w, https:\/\/ksr-lu.ch\/leitbildprojekte\/wp-content\/uploads\/sites\/65\/2020\/03\/Bild-1_Stoffe-ausschneiden_Leitbildprojekt-3d-113x150.jpg 113w\" sizes=\"(max-width: 411px) 100vw, 411px\" \/><\/figure><\/div>\n\n\n\n<p>Bei unseren Bienenwachst\u00fcchern handelt es sich um sch\u00f6ne Recyclingstoffe, die wir mit einer antibakteriellen Schicht aus Bienenwachs und Sonnenblumen\u00f6l \u00fcberzogen haben. Damit das Ganze h\u00e4lt und auch sicher hygienisch ist, haben wir das Ganze mit einem Gl\u00e4tteisen stark erhitzt und auf den Baumwollstoffen verteilt. <\/p>\n\n\n\n<div class=\"wp-block-image\"><figure class=\"aligncenter size-large\"><img width=\"396\" height=\"480\" src=\"https:\/\/ksr-lu.ch\/leitbildprojekte\/wp-content\/uploads\/sites\/65\/2020\/03\/Bild-2_b\u00fcgeln_Leitbildprojekt-3d.jpg\" alt=\"\" class=\"wp-image-163\" srcset=\"https:\/\/ksr-lu.ch\/leitbildprojekte\/wp-content\/uploads\/sites\/65\/2020\/03\/Bild-2_b\u00fcgeln_Leitbildprojekt-3d.jpg 396w, https:\/\/ksr-lu.ch\/leitbildprojekte\/wp-content\/uploads\/sites\/65\/2020\/03\/Bild-2_b\u00fcgeln_Leitbildprojekt-3d-248x300.jpg 248w, https:\/\/ksr-lu.ch\/leitbildprojekte\/wp-content\/uploads\/sites\/65\/2020\/03\/Bild-2_b\u00fcgeln_Leitbildprojekt-3d-289x350.jpg 289w, https:\/\/ksr-lu.ch\/leitbildprojekte\/wp-content\/uploads\/sites\/65\/2020\/03\/Bild-2_b\u00fcgeln_Leitbildprojekt-3d-124x150.jpg 124w\" sizes=\"(max-width: 396px) 100vw, 396px\" \/><\/figure><\/div>\n\n\n\n<p>Wenn man die T\u00fccher ein wenig in den H\u00e4nden h\u00e4lt, wird die Wachsschicht weich und biegsam, so dass man sie sowohl zum Einpacken von Lebensmitteln als auch zum Abdecken von Sch\u00fcsseln verwenden kann. Diese T\u00fccher kann man bei richtiger Pflege bis zu einem Jahr verwenden. Nach Gebrauch muss man das Tuch einfach mit kaltem oder lauwarmem Wasser absp\u00fclen.<\/p>\n\n\n\n<p>Unsere Bienenwachst\u00fccher haben wir schliesslich am Flohmarkt verkauft, der an der Kantonsschule Reussb\u00fchl im Rahmen der Klimawoche am Montag, 9. M\u00e4rz 2020, stattgefunden hat. Den kompletten Erl\u00f6s von insgesamt Fr. 120.- haben wir dem gemeinn\u00fctzigen Verein \u00c1rbol Conraz\u00f3n gespendet, der sich um die Aufforstung und den Erhalt tropischer W\u00e4lder k\u00fcmmert. Weitere Informationen dazu findet man auf: <a href=\"http:\/\/www.arbol-conrazon.ch\">www.arbol-conrazon.ch<\/a> <\/p>\n\n\n\n<div class=\"wp-block-image\"><figure class=\"aligncenter size-large\"><img width=\"485\" height=\"343\" src=\"https:\/\/ksr-lu.ch\/leitbildprojekte\/wp-content\/uploads\/sites\/65\/2020\/03\/Bild-3_Verkaufsstand_Leitbildprojekt-3d-1.jpg\" alt=\"\" class=\"wp-image-164\" srcset=\"https:\/\/ksr-lu.ch\/leitbildprojekte\/wp-content\/uploads\/sites\/65\/2020\/03\/Bild-3_Verkaufsstand_Leitbildprojekt-3d-1.jpg 485w, https:\/\/ksr-lu.ch\/leitbildprojekte\/wp-content\/uploads\/sites\/65\/2020\/03\/Bild-3_Verkaufsstand_Leitbildprojekt-3d-1-300x212.jpg 300w, https:\/\/ksr-lu.ch\/leitbildprojekte\/wp-content\/uploads\/sites\/65\/2020\/03\/Bild-3_Verkaufsstand_Leitbildprojekt-3d-1-150x106.jpg 150w\" sizes=\"(max-width: 485px) 100vw, 485px\" \/><\/figure><\/div>\n\n\n\n<p>Auf den Fotos sieht man die Produktion, den Verkauf und unsere Spendenurkunde.<\/p>\n\n\n\n<div class=\"wp-block-image\"><figure class=\"aligncenter size-large\"><img width=\"610\" height=\"873\" src=\"https:\/\/ksr-lu.ch\/leitbildprojekte\/wp-content\/uploads\/sites\/65\/2020\/03\/Bild-5_Spendenurkunde_Leitbildprojekt-3d.jpg\" alt=\"\" class=\"wp-image-165\" srcset=\"https:\/\/ksr-lu.ch\/leitbildprojekte\/wp-content\/uploads\/sites\/65\/2020\/03\/Bild-5_Spendenurkunde_Leitbildprojekt-3d.jpg 610w, https:\/\/ksr-lu.ch\/leitbildprojekte\/wp-content\/uploads\/sites\/65\/2020\/03\/Bild-5_Spendenurkunde_Leitbildprojekt-3d-210x300.jpg 210w, https:\/\/ksr-lu.ch\/leitbildprojekte\/wp-content\/uploads\/sites\/65\/2020\/03\/Bild-5_Spendenurkunde_Leitbildprojekt-3d-245x350.jpg 245w, https:\/\/ksr-lu.ch\/leitbildprojekte\/wp-content\/uploads\/sites\/65\/2020\/03\/Bild-5_Spendenurkunde_Leitbildprojekt-3d-105x150.jpg 105w\" sizes=\"(max-width: 610px) 100vw, 610px\" \/><\/figure><\/div>\n","protected":false},"excerpt":{"rendered":"<p>Wir, die Klasse 3d, haben uns dazu entscheiden, unser Leitbildprojekt mit der Klimawoche 2020 an der KSR zu verbinden. Wir kamen zum Schluss, dass wir Bienenwachst\u00fccher herstellen wollten, um zu\u2026 <a class=\"continue-reading-link\" href=\"https:\/\/ksr-lu.ch\/leitbildprojekte\/2020\/03\/19\/bienenwachstuecher-projekt-der-klasse-3d\/\">weiterlesen<\/a><\/p>\n","protected":false},"author":5,"featured_media":167,"comment_status":"open","ping_status":"open","sticky":false,"template":"","format":"standard","meta":[],"categories":[1],"tags":[],"_links":{"self":[{"href":"https:\/\/ksr-lu.ch\/leitbildprojekte\/wp-json\/wp\/v2\/posts\/160"}],"collection":[{"href":"https:\/\/ksr-lu.ch\/leitbildprojekte\/wp-json\/wp\/v2\/posts"}],"about":[{"href":"https:\/\/ksr-lu.ch\/leitbildprojekte\/wp-json\/wp\/v2\/types\/post"}],"author":[{"embeddable":true,"href":"https:\/\/ksr-lu.ch\/leitbildprojekte\/wp-json\/wp\/v2\/users\/5"}],"replies":[{"embeddable":true,"href":"https:\/\/ksr-lu.ch\/leitbildprojekte\/wp-json\/wp\/v2\/comments?post=160"}],"version-history":[{"count":2,"href":"https:\/\/ksr-lu.ch\/leitbildprojekte\/wp-json\/wp\/v2\/posts\/160\/revisions"}],"predecessor-version":[{"id":168,"href":"https:\/\/ksr-lu.ch\/leitbildprojekte\/wp-json\/wp\/v2\/posts\/160\/revisions\/168"}],"wp:featuredmedia":[{"embeddable":true,"href":"https:\/\/ksr-lu.ch\/leitbildprojekte\/wp-json\/wp\/v2\/media\/167"}],"wp:attachment":[{"href":"https:\/\/ksr-lu.ch\/leitbildprojekte\/wp-json\/wp\/v2\/media?parent=160"}],"wp:term":[{"taxonomy":"category","embeddable":true,"href":"https:\/\/ksr-lu.ch\/leitbildprojekte\/wp-json\/wp\/v2\/categories?post=160"},{"taxonomy":"post_tag","embeddable":true,"href":"https:\/\/ksr-lu.ch\/leitbildprojekte\/wp-json\/wp\/v2\/tags?post=160"}],"curies":[{"name":"wp","href":"https:\/\/api.w.org\/{rel}","templated":true}]}}