{"id":140,"date":"2019-07-02T22:18:15","date_gmt":"2019-07-02T20:18:15","guid":{"rendered":"http:\/\/ksr-lu.ch\/leitbildprojekte\/?p=140"},"modified":"2019-07-03T10:39:24","modified_gmt":"2019-07-03T08:39:24","slug":"kv-tag-der-klasse-3d","status":"publish","type":"post","link":"https:\/\/ksr-lu.ch\/leitbildprojekte\/2019\/07\/02\/kv-tag-der-klasse-3d\/","title":{"rendered":"KV-Tag der Klasse 3d"},"content":{"rendered":"<p>Im Rahmen des Leitbild-Projektes luden wir, die Klasse 3d, eine KV-Klasse zu uns ein, um Einblicke in den Alltag der Lehre und der Lehrbetriebe zu bekommen. Das Ziel auf ihrer Seite war, mal Abwechslung in den eher eint\u00f6nigen Alltag im KV zu bekommen. Ein weiteres Ziel war den Horizont zu erweitern: Wie w\u00e4re es in einer Lehre? Oder: Wollen wir lieber weiter den gymnasialen Weg gehen?<\/p>\n<p>Am Anfang stellten uns die Klasse die KV-Lehre vor. Danach konnten wir an einigen Posten mehr \u00fcber die verschiedenen Lehrg\u00e4nge erfahren. Es folgten einige Spiele und R\u00e4tsel, die \u00fcberpr\u00fcften, ob wir auch wirklich aufgepasst hatten. Was nat\u00fcrlich der Fall gewesen war! F\u00fcr die Gewinner gab es Preise. Die KV-Sch\u00fclerinnen und -sch\u00fcler gaben sich sehr viel M\u00fche, uns m\u00f6glichst konkrete Informationen zu ihrem Berufsfeld zu vermitteln. Wir waren \u00fcberrascht zu h\u00f6ren, dass das KV so anstrengend ist. Das wird oft untersch\u00e4tzt.<\/p>\n<p>Am Mittag fand ein gem\u00fctlicher Austausch statt. Obwohl die KV-Lehrlinge \u00e4lter waren als wir, haben wir uns sehr gut verstanden. Zum Abschluss spendierte die Schule allen ein Getr\u00e4nk.<\/p>\n<p>Wir fanden, es war ein sehr sch\u00f6ner Tag und wir konnten viel profitieren. Die Feedbacks zeigten, dass der Tag unseren Besucherinnen und Besuchern genauso gefallen hat wie uns.<\/p>\n<p><span style=\"color: #000000;font-family: Arial\">F\u00fcr unser Leitbildprojekt haben wir intern sowie extern Sch\u00fcler\/innen respektive Lehrlinge befragt, die einen anderen Weg f\u00fcr ihre Zukunft gew\u00e4hlt haben. F\u00fcr die interne Sicht an unserer Schule haben wir die Klasse 3K interviewt. Damit wir sie noch ein bisschen besser kennenlernen, hat jeder von uns jemanden interviewt, den er noch nicht so gut gekannt hat. Die meisten von ihnen sind von der Sekundarschule zu uns gekommen. Viele von ihnen finden es hier anspruchsvoll und mussten sich zu Beginn an das neue Schulleben gew\u00f6hnen.<\/span><\/p>\n","protected":false},"excerpt":{"rendered":"<p>Im Rahmen des Leitbild-Projektes luden wir, die Klasse 3d, eine KV-Klasse zu uns ein, um Einblicke in den Alltag der Lehre und der Lehrbetriebe zu bekommen. Das Ziel auf ihrer\u2026 <a class=\"continue-reading-link\" href=\"https:\/\/ksr-lu.ch\/leitbildprojekte\/2019\/07\/02\/kv-tag-der-klasse-3d\/\">weiterlesen<\/a><\/p>\n","protected":false},"author":5,"featured_media":142,"comment_status":"open","ping_status":"open","sticky":false,"template":"","format":"standard","meta":[],"categories":[3],"tags":[],"_links":{"self":[{"href":"https:\/\/ksr-lu.ch\/leitbildprojekte\/wp-json\/wp\/v2\/posts\/140"}],"collection":[{"href":"https:\/\/ksr-lu.ch\/leitbildprojekte\/wp-json\/wp\/v2\/posts"}],"about":[{"href":"https:\/\/ksr-lu.ch\/leitbildprojekte\/wp-json\/wp\/v2\/types\/post"}],"author":[{"embeddable":true,"href":"https:\/\/ksr-lu.ch\/leitbildprojekte\/wp-json\/wp\/v2\/users\/5"}],"replies":[{"embeddable":true,"href":"https:\/\/ksr-lu.ch\/leitbildprojekte\/wp-json\/wp\/v2\/comments?post=140"}],"version-history":[{"count":3,"href":"https:\/\/ksr-lu.ch\/leitbildprojekte\/wp-json\/wp\/v2\/posts\/140\/revisions"}],"predecessor-version":[{"id":147,"href":"https:\/\/ksr-lu.ch\/leitbildprojekte\/wp-json\/wp\/v2\/posts\/140\/revisions\/147"}],"wp:featuredmedia":[{"embeddable":true,"href":"https:\/\/ksr-lu.ch\/leitbildprojekte\/wp-json\/wp\/v2\/media\/142"}],"wp:attachment":[{"href":"https:\/\/ksr-lu.ch\/leitbildprojekte\/wp-json\/wp\/v2\/media?parent=140"}],"wp:term":[{"taxonomy":"category","embeddable":true,"href":"https:\/\/ksr-lu.ch\/leitbildprojekte\/wp-json\/wp\/v2\/categories?post=140"},{"taxonomy":"post_tag","embeddable":true,"href":"https:\/\/ksr-lu.ch\/leitbildprojekte\/wp-json\/wp\/v2\/tags?post=140"}],"curies":[{"name":"wp","href":"https:\/\/api.w.org\/{rel}","templated":true}]}}