{"id":130,"date":"2019-06-21T09:53:23","date_gmt":"2019-06-21T07:53:23","guid":{"rendered":"http:\/\/ksr-lu.ch\/leitbildprojekte\/?p=130"},"modified":"2019-07-04T08:32:34","modified_gmt":"2019-07-04T06:32:34","slug":"faecher-krimi-projekt-der-klasse-3c","status":"publish","type":"post","link":"https:\/\/ksr-lu.ch\/leitbildprojekte\/2019\/06\/21\/faecher-krimi-projekt-der-klasse-3c\/","title":{"rendered":"F\u00e4cher-Krimi-Projekt der Klasse 3c"},"content":{"rendered":"<p>Wir, die Klasse 3c, haben uns lange Gedanken dar\u00fcber gemacht, was wir zum diesj\u00e4hrigen Leitbildwettbewerb machen sollen. Wir sind dann zum Schluss gekommen, dass wir die N\u00fctzlichkeit der F\u00e4cher, welche an der Kantonsschule Reussb\u00fchl unterrichtet werden, im Alltag aufzeigen m\u00f6chten. Also \u00fcberlegten wir uns, wie wir das am besten aufzeigen k\u00f6nnen.<\/p>\n<p>Nach ein paar Klassenstunden und Unterhaltungen im Klassenchat sind wir zum Schluss gekommen, dass wir dies anhand eines kurzen Kriminalfilms bzw. Krimis umsetzten m\u00f6chten. In den darauffolgenden Klassenstunden haben wir zusammen mit unserem Klassenlehrer, Herrn Schaufelberger, eine passende Geschichte gesucht, welche zu unserer Idee passt. Als sich eine der vorgeschlagenen Geschichten herauskristallisiert hat, begannen wir mit dem Aufstellen eines Drehplanes. Diesen versuchten wird dann umzusetzen.<\/p>\n<p>Neben ein paar kleineren wetterbedingten Zwischenf\u00e4llen ist der Drehplan aufgegangen. Viele der Szenen hatten wir an drei Samstagen gedreht. Das funktionierte ohne Probleme. Alle der aufgebotenen Sch\u00fclerinnen und Sch\u00fcler sind mit Eifer erschienen und haben dadurch zum Gelingen des Films beigetragen.<\/p>\n<p>Als wir dann alle Szenen beisammenhatten und alle langsam auf das Endergebnis gespannt waren, waren wir sehr froh, dass wir in unsere Klasse jemanden hatten, der die Aufgabe des Schneidens und der Fertigstellung unseres Filmes \u00fcbernehmen konnte.<\/p>\n<p>Wenn ihr nun Interesse habt, unseren Film auch auf der Leinwand in der Aula unsere Schule mit zu erleben und zu sehen, wie es sein k\u00f6nnte, wenn pl\u00f6tzlich eine Sch\u00fclerin sich \u00fcberlegt, wie es w\u00e4re, wenn sie entf\u00fchrt werden w\u00fcrde, dann kommt doch vorbei und schaut mit uns zusammen den fertigen Kurzkrimi am. Der Termin wird auf dem Screen angezeigt werden.<\/p>\n<p><a href=\"https:\/\/youtu.be\/pmfZgqnZ6K8\">https:\/\/youtu.be\/pmfZgqnZ6K8<\/a><\/p>\n","protected":false},"excerpt":{"rendered":"<p>Wir, die Klasse 3c, haben uns lange Gedanken dar\u00fcber gemacht, was wir zum diesj\u00e4hrigen Leitbildwettbewerb machen sollen. Wir sind dann zum Schluss gekommen, dass wir die N\u00fctzlichkeit der F\u00e4cher, welche\u2026 <a class=\"continue-reading-link\" href=\"https:\/\/ksr-lu.ch\/leitbildprojekte\/2019\/06\/21\/faecher-krimi-projekt-der-klasse-3c\/\">weiterlesen<\/a><\/p>\n","protected":false},"author":5,"featured_media":151,"comment_status":"open","ping_status":"open","sticky":false,"template":"","format":"standard","meta":[],"categories":[3],"tags":[],"_links":{"self":[{"href":"https:\/\/ksr-lu.ch\/leitbildprojekte\/wp-json\/wp\/v2\/posts\/130"}],"collection":[{"href":"https:\/\/ksr-lu.ch\/leitbildprojekte\/wp-json\/wp\/v2\/posts"}],"about":[{"href":"https:\/\/ksr-lu.ch\/leitbildprojekte\/wp-json\/wp\/v2\/types\/post"}],"author":[{"embeddable":true,"href":"https:\/\/ksr-lu.ch\/leitbildprojekte\/wp-json\/wp\/v2\/users\/5"}],"replies":[{"embeddable":true,"href":"https:\/\/ksr-lu.ch\/leitbildprojekte\/wp-json\/wp\/v2\/comments?post=130"}],"version-history":[{"count":2,"href":"https:\/\/ksr-lu.ch\/leitbildprojekte\/wp-json\/wp\/v2\/posts\/130\/revisions"}],"predecessor-version":[{"id":150,"href":"https:\/\/ksr-lu.ch\/leitbildprojekte\/wp-json\/wp\/v2\/posts\/130\/revisions\/150"}],"wp:featuredmedia":[{"embeddable":true,"href":"https:\/\/ksr-lu.ch\/leitbildprojekte\/wp-json\/wp\/v2\/media\/151"}],"wp:attachment":[{"href":"https:\/\/ksr-lu.ch\/leitbildprojekte\/wp-json\/wp\/v2\/media?parent=130"}],"wp:term":[{"taxonomy":"category","embeddable":true,"href":"https:\/\/ksr-lu.ch\/leitbildprojekte\/wp-json\/wp\/v2\/categories?post=130"},{"taxonomy":"post_tag","embeddable":true,"href":"https:\/\/ksr-lu.ch\/leitbildprojekte\/wp-json\/wp\/v2\/tags?post=130"}],"curies":[{"name":"wp","href":"https:\/\/api.w.org\/{rel}","templated":true}]}}