{"id":74,"date":"2017-07-19T09:05:17","date_gmt":"2017-07-19T07:05:17","guid":{"rendered":"http:\/\/ksr-lu.ch\/ksr-verbindet\/?p=74"},"modified":"2017-07-22T17:14:32","modified_gmt":"2017-07-22T15:14:32","slug":"schuljahreseroeffnungs-und-schlussfeier","status":"publish","type":"post","link":"https:\/\/ksr-lu.ch\/ksr-verbindet\/2017\/07\/19\/schuljahreseroeffnungs-und-schlussfeier\/","title":{"rendered":"Schuljahreser\u00f6ffnungs- und -schlussfeier"},"content":{"rendered":"<p>Als Schulgemeinschaft ist es uns wichtig, das Schuljahr mit einem gemeinsamen Ritual zu beginnen und abzuschliessen. Daher werden am ersten Schultag alle Sch\u00fcler\/innen und Lehrpersonen in der Aula von der Schulleitung willkommen geheissen und mit einem Auftritt eines Komikers, Zauberers oder anderen K\u00fcnstlers lust- und schwungvoll auf das neue Schuljahr eingestimmt.\u00a0In der letzten Lektion des Schuljahres treffen sich alle wieder in der Aula, danken einander f\u00fcr die geleistete Arbeit und begl\u00fcckw\u00fcnschen sich gegenseitig zu den guten Leistungen und Erfolgen. Die H\u00f6hepunkte des Anlasses sind jedoch musikalische Darbietungen, Tanzchoreografien, filmischen Produktionen aus Studienwochen oder Theaterszenen, mit denen uns unsere talentierten Sch\u00fcler\/innen auf der Aulab\u00fchne zum Jahresabschluss noch einmal k\u00fcnstlerisch verw\u00f6hnen, bevor dann alle unter tosendem Applaus und Jubel in die Ferien entschwinden.<\/p>\n","protected":false},"excerpt":{"rendered":"<p>Als Schulgemeinschaft ist es uns wichtig, das Schuljahr mit einem gemeinsamen Ritual zu beginnen und abzuschliessen. Daher werden am ersten Schultag alle Sch\u00fcler\/innen und Lehrpersonen\u2026 <a class=\"continue-reading-link\" href=\"https:\/\/ksr-lu.ch\/ksr-verbindet\/2017\/07\/19\/schuljahreseroeffnungs-und-schlussfeier\/\">weiterlesen<\/a><\/p>\n","protected":false},"author":5,"featured_media":103,"comment_status":"open","ping_status":"open","sticky":false,"template":"","format":"standard","meta":[],"categories":[1],"tags":[41,106,107,108,109],"_links":{"self":[{"href":"https:\/\/ksr-lu.ch\/ksr-verbindet\/wp-json\/wp\/v2\/posts\/74"}],"collection":[{"href":"https:\/\/ksr-lu.ch\/ksr-verbindet\/wp-json\/wp\/v2\/posts"}],"about":[{"href":"https:\/\/ksr-lu.ch\/ksr-verbindet\/wp-json\/wp\/v2\/types\/post"}],"author":[{"embeddable":true,"href":"https:\/\/ksr-lu.ch\/ksr-verbindet\/wp-json\/wp\/v2\/users\/5"}],"replies":[{"embeddable":true,"href":"https:\/\/ksr-lu.ch\/ksr-verbindet\/wp-json\/wp\/v2\/comments?post=74"}],"version-history":[{"count":1,"href":"https:\/\/ksr-lu.ch\/ksr-verbindet\/wp-json\/wp\/v2\/posts\/74\/revisions"}],"predecessor-version":[{"id":75,"href":"https:\/\/ksr-lu.ch\/ksr-verbindet\/wp-json\/wp\/v2\/posts\/74\/revisions\/75"}],"wp:featuredmedia":[{"embeddable":true,"href":"https:\/\/ksr-lu.ch\/ksr-verbindet\/wp-json\/wp\/v2\/media\/103"}],"wp:attachment":[{"href":"https:\/\/ksr-lu.ch\/ksr-verbindet\/wp-json\/wp\/v2\/media?parent=74"}],"wp:term":[{"taxonomy":"category","embeddable":true,"href":"https:\/\/ksr-lu.ch\/ksr-verbindet\/wp-json\/wp\/v2\/categories?post=74"},{"taxonomy":"post_tag","embeddable":true,"href":"https:\/\/ksr-lu.ch\/ksr-verbindet\/wp-json\/wp\/v2\/tags?post=74"}],"curies":[{"name":"wp","href":"https:\/\/api.w.org\/{rel}","templated":true}]}}