{"id":51,"date":"2017-07-19T08:51:49","date_gmt":"2017-07-19T06:51:49","guid":{"rendered":"http:\/\/ksr-lu.ch\/ksr-verbindet\/?p=51"},"modified":"2017-07-19T09:49:23","modified_gmt":"2017-07-19T07:49:23","slug":"klassenstunde-1-und-2-klasse","status":"publish","type":"post","link":"https:\/\/ksr-lu.ch\/ksr-verbindet\/2017\/07\/19\/klassenstunde-1-und-2-klasse\/","title":{"rendered":"Klassenstunde 1. und 2. Klasse"},"content":{"rendered":"<p>Jeder UG-Klasse und ihrer Klassenlehrperson steht w\u00f6chentlich eine im Stundenplan eingetragene Klassenstunde zur Verf\u00fcgung. In dieser Stunde wird \u00fcber Themen wie individuelle Entwicklung, Gemeinschaft und Schule gesprochen. Wir setzen uns mit Arbeitshaltung, Selbstorganisation, Wochenplanung und Lern- und Arbeitstechniken auseinander. Dadurch werden die Sch\u00fcler\/innen darin gef\u00f6rdert, ihre Mitgestaltungsm\u00f6glichkeiten und die Mitverantwortung f\u00fcr ihre Ausbildung wahrzunehmen. Zudem sollen sie sich &#8211; mit Blick auf ihre k\u00fcnftige Ausbildung &#8211; ihrer F\u00e4higkeiten, W\u00fcnsche und Interessen bewusst werden. Nach Bedarf k\u00f6nnen die Sch\u00fcler\/innen, einzelne Fachlehrpersonen oder die Klassenlehrperson auch spezifische, die Klasse betreffende Themen einbringen. In der Klassenstunde werden auch alle administrativen Aufgaben erledigt sowie Gemeinschaftsanl\u00e4sse organisiert.<\/p>\n","protected":false},"excerpt":{"rendered":"<p>Jeder UG-Klasse und ihrer Klassenlehrperson steht w\u00f6chentlich eine im Stundenplan eingetragene Klassenstunde zur Verf\u00fcgung. In dieser Stunde wird \u00fcber Themen wie individuelle Entwicklung, Gemeinschaft und\u2026 <a class=\"continue-reading-link\" href=\"https:\/\/ksr-lu.ch\/ksr-verbindet\/2017\/07\/19\/klassenstunde-1-und-2-klasse\/\">weiterlesen<\/a><\/p>\n","protected":false},"author":5,"featured_media":80,"comment_status":"open","ping_status":"open","sticky":false,"template":"","format":"standard","meta":[],"categories":[1],"tags":[34,41,43,44,45,46,47,48],"_links":{"self":[{"href":"https:\/\/ksr-lu.ch\/ksr-verbindet\/wp-json\/wp\/v2\/posts\/51"}],"collection":[{"href":"https:\/\/ksr-lu.ch\/ksr-verbindet\/wp-json\/wp\/v2\/posts"}],"about":[{"href":"https:\/\/ksr-lu.ch\/ksr-verbindet\/wp-json\/wp\/v2\/types\/post"}],"author":[{"embeddable":true,"href":"https:\/\/ksr-lu.ch\/ksr-verbindet\/wp-json\/wp\/v2\/users\/5"}],"replies":[{"embeddable":true,"href":"https:\/\/ksr-lu.ch\/ksr-verbindet\/wp-json\/wp\/v2\/comments?post=51"}],"version-history":[{"count":1,"href":"https:\/\/ksr-lu.ch\/ksr-verbindet\/wp-json\/wp\/v2\/posts\/51\/revisions"}],"predecessor-version":[{"id":52,"href":"https:\/\/ksr-lu.ch\/ksr-verbindet\/wp-json\/wp\/v2\/posts\/51\/revisions\/52"}],"wp:featuredmedia":[{"embeddable":true,"href":"https:\/\/ksr-lu.ch\/ksr-verbindet\/wp-json\/wp\/v2\/media\/80"}],"wp:attachment":[{"href":"https:\/\/ksr-lu.ch\/ksr-verbindet\/wp-json\/wp\/v2\/media?parent=51"}],"wp:term":[{"taxonomy":"category","embeddable":true,"href":"https:\/\/ksr-lu.ch\/ksr-verbindet\/wp-json\/wp\/v2\/categories?post=51"},{"taxonomy":"post_tag","embeddable":true,"href":"https:\/\/ksr-lu.ch\/ksr-verbindet\/wp-json\/wp\/v2\/tags?post=51"}],"curies":[{"name":"wp","href":"https:\/\/api.w.org\/{rel}","templated":true}]}}