{"id":46,"date":"2017-07-19T08:49:53","date_gmt":"2017-07-19T06:49:53","guid":{"rendered":"http:\/\/ksr-lu.ch\/ksr-verbindet\/?p=46"},"modified":"2017-07-22T13:09:30","modified_gmt":"2017-07-22T11:09:30","slug":"zentralschweizer-bildungsmesse-zebi","status":"publish","type":"post","link":"https:\/\/ksr-lu.ch\/ksr-verbindet\/2017\/07\/19\/zentralschweizer-bildungsmesse-zebi\/","title":{"rendered":"Zentralschweizer Bildungsmesse"},"content":{"rendered":"<p>Mit unseren zweiten Klassen besuchen wir die zentrale Bildungsmesse (ZEBI). Diese bietet unseren Sch\u00fclerinnen die Gelegenheit, 140 Berufe und \u00fcber 600 Aus- und Weiterbildungen unter einem Dach kennenzulernen und mit Branchenvertretern ins Gespr\u00e4ch zu treten. Die Sch\u00fclerinnen sollen sich im Hinblick auf die Wahl des Schwerpunktfaches mit ihren Interessen, F\u00e4higkeiten, Studien- und Berufsvorstellungen auseinandersetzen. Wir m\u00f6chten ihnen zudem aufzeigen, dass es neben der gymnasialen Schullaufbahn auch alternative Ausbildungsm\u00f6glichkeiten gibt. Der pers\u00f6nliche Austausch mit Lehrlingen und Fachleuten aus der Berufswelt und die Auseinandersetzung mit spannenden Berufen und Ausbildungen stehen im Vordergrund.<\/p>\n","protected":false},"excerpt":{"rendered":"<p>Mit unseren zweiten Klassen besuchen wir die zentrale Bildungsmesse (ZEBI). Diese bietet unseren Sch\u00fclerinnen die Gelegenheit, 140 Berufe und \u00fcber 600 Aus- und Weiterbildungen unter\u2026 <a class=\"continue-reading-link\" href=\"https:\/\/ksr-lu.ch\/ksr-verbindet\/2017\/07\/19\/zentralschweizer-bildungsmesse-zebi\/\">weiterlesen<\/a><\/p>\n","protected":false},"author":5,"featured_media":88,"comment_status":"open","ping_status":"open","sticky":false,"template":"","format":"standard","meta":[],"categories":[1],"tags":[34,35,36,37,38],"_links":{"self":[{"href":"https:\/\/ksr-lu.ch\/ksr-verbindet\/wp-json\/wp\/v2\/posts\/46"}],"collection":[{"href":"https:\/\/ksr-lu.ch\/ksr-verbindet\/wp-json\/wp\/v2\/posts"}],"about":[{"href":"https:\/\/ksr-lu.ch\/ksr-verbindet\/wp-json\/wp\/v2\/types\/post"}],"author":[{"embeddable":true,"href":"https:\/\/ksr-lu.ch\/ksr-verbindet\/wp-json\/wp\/v2\/users\/5"}],"replies":[{"embeddable":true,"href":"https:\/\/ksr-lu.ch\/ksr-verbindet\/wp-json\/wp\/v2\/comments?post=46"}],"version-history":[{"count":2,"href":"https:\/\/ksr-lu.ch\/ksr-verbindet\/wp-json\/wp\/v2\/posts\/46\/revisions"}],"predecessor-version":[{"id":102,"href":"https:\/\/ksr-lu.ch\/ksr-verbindet\/wp-json\/wp\/v2\/posts\/46\/revisions\/102"}],"wp:featuredmedia":[{"embeddable":true,"href":"https:\/\/ksr-lu.ch\/ksr-verbindet\/wp-json\/wp\/v2\/media\/88"}],"wp:attachment":[{"href":"https:\/\/ksr-lu.ch\/ksr-verbindet\/wp-json\/wp\/v2\/media?parent=46"}],"wp:term":[{"taxonomy":"category","embeddable":true,"href":"https:\/\/ksr-lu.ch\/ksr-verbindet\/wp-json\/wp\/v2\/categories?post=46"},{"taxonomy":"post_tag","embeddable":true,"href":"https:\/\/ksr-lu.ch\/ksr-verbindet\/wp-json\/wp\/v2\/tags?post=46"}],"curies":[{"name":"wp","href":"https:\/\/api.w.org\/{rel}","templated":true}]}}