{"id":44,"date":"2017-07-19T08:48:59","date_gmt":"2017-07-19T06:48:59","guid":{"rendered":"http:\/\/ksr-lu.ch\/ksr-verbindet\/?p=44"},"modified":"2017-07-19T10:20:35","modified_gmt":"2017-07-19T08:20:35","slug":"erweiterte-schuelerinnen-und-schuelerbeurteilung-esb","status":"publish","type":"post","link":"https:\/\/ksr-lu.ch\/ksr-verbindet\/2017\/07\/19\/erweiterte-schuelerinnen-und-schuelerbeurteilung-esb\/","title":{"rendered":"Erweiterte Sch\u00fclerinnen- und Sch\u00fclerbeurteilung (ESB)"},"content":{"rendered":"<p>Die ESB ist ein Instrument, das uns erm\u00f6glicht, unsere Unterstufensch\u00fcler\/innen ganzheitlich wahrzunehmen. Wir beobachten und beurteilen dazu ihr Sozial- und Arbeitsverhalten w\u00e4hrend des Herbstsemesters. Im pers\u00f6nlichen Gespr\u00e4ch zwischen der Klassenlehrperson und den Sch\u00fcler\/innen wird diese Fremdeinsch\u00e4tzung der Selbsteinsch\u00e4tzung des Kindes gegen\u00fcbergestellt. Darauf aufbauend k\u00f6nnen Zielvereinbarungen zur Verbesserung der Sozial- und Selbstkompetenz sowie der Arbeitshaltung ausgearbeitet werden, um die Lernenden darin zu unterst\u00fctzen, ihr Potential auszusch\u00f6pfen. Das Gespr\u00e4ch dient auch dazu, die Sch\u00fcler\/innen als Menschen mit individuellen Pers\u00f6nlichkeitsmerkmalen und St\u00e4rken und Schw\u00e4chen wertzusch\u00e4tzen.<\/p>\n","protected":false},"excerpt":{"rendered":"<p>Die ESB ist ein Instrument, das uns erm\u00f6glicht, unsere Unterstufensch\u00fcler\/innen ganzheitlich wahrzunehmen. Wir beobachten und beurteilen dazu ihr Sozial- und Arbeitsverhalten w\u00e4hrend des Herbstsemesters. Im\u2026 <a class=\"continue-reading-link\" href=\"https:\/\/ksr-lu.ch\/ksr-verbindet\/2017\/07\/19\/erweiterte-schuelerinnen-und-schuelerbeurteilung-esb\/\">weiterlesen<\/a><\/p>\n","protected":false},"author":5,"featured_media":97,"comment_status":"open","ping_status":"open","sticky":false,"template":"","format":"standard","meta":[],"categories":[1],"tags":[29,30,31,32,33],"_links":{"self":[{"href":"https:\/\/ksr-lu.ch\/ksr-verbindet\/wp-json\/wp\/v2\/posts\/44"}],"collection":[{"href":"https:\/\/ksr-lu.ch\/ksr-verbindet\/wp-json\/wp\/v2\/posts"}],"about":[{"href":"https:\/\/ksr-lu.ch\/ksr-verbindet\/wp-json\/wp\/v2\/types\/post"}],"author":[{"embeddable":true,"href":"https:\/\/ksr-lu.ch\/ksr-verbindet\/wp-json\/wp\/v2\/users\/5"}],"replies":[{"embeddable":true,"href":"https:\/\/ksr-lu.ch\/ksr-verbindet\/wp-json\/wp\/v2\/comments?post=44"}],"version-history":[{"count":1,"href":"https:\/\/ksr-lu.ch\/ksr-verbindet\/wp-json\/wp\/v2\/posts\/44\/revisions"}],"predecessor-version":[{"id":45,"href":"https:\/\/ksr-lu.ch\/ksr-verbindet\/wp-json\/wp\/v2\/posts\/44\/revisions\/45"}],"wp:featuredmedia":[{"embeddable":true,"href":"https:\/\/ksr-lu.ch\/ksr-verbindet\/wp-json\/wp\/v2\/media\/97"}],"wp:attachment":[{"href":"https:\/\/ksr-lu.ch\/ksr-verbindet\/wp-json\/wp\/v2\/media?parent=44"}],"wp:term":[{"taxonomy":"category","embeddable":true,"href":"https:\/\/ksr-lu.ch\/ksr-verbindet\/wp-json\/wp\/v2\/categories?post=44"},{"taxonomy":"post_tag","embeddable":true,"href":"https:\/\/ksr-lu.ch\/ksr-verbindet\/wp-json\/wp\/v2\/tags?post=44"}],"curies":[{"name":"wp","href":"https:\/\/api.w.org\/{rel}","templated":true}]}}