{"id":42,"date":"2017-07-19T08:47:43","date_gmt":"2017-07-19T06:47:43","guid":{"rendered":"http:\/\/ksr-lu.ch\/ksr-verbindet\/?p=42"},"modified":"2017-07-19T18:02:08","modified_gmt":"2017-07-19T16:02:08","slug":"stuetzkurs-deutsch","status":"publish","type":"post","link":"https:\/\/ksr-lu.ch\/ksr-verbindet\/2017\/07\/19\/stuetzkurs-deutsch\/","title":{"rendered":"St\u00fctzkurs Deutsch"},"content":{"rendered":"<p>Im St\u00fctzkurs Deutsch vertiefen interessierte Erstkl\u00e4ssler\/innen ihre Deutschkenntnisse und sch\u00e4rfen ihr Bewusstsein f\u00fcr sprachliche Nuancen und Feinheiten.\u00a0Der Kurs zielt auf ein begleitetes Aufarbeiten von L\u00fccken in den Bereichen Rechtschreibung, Grammatik und Wortschatz. Das Bewusstsein f\u00fcr die Bedeutung einer korrekten, pr\u00e4zisen und gepflegten Sprache f\u00fcr Schule und Alltag wird geweckt. F\u00fcr die gymnasiale Karriere bedeutsame Sprachkompetenzen werden durch erg\u00e4nzende und vertiefende \u00dcbungen gest\u00e4rkt.\u00a0Zwei Lehrpersonen f\u00fchren und begleiten den Kurs im zweiten Semester. Die Teilnahme ist freiwillig, jedoch nach Anmeldung verbindlich f\u00fcr den gesamten Kurs. Die Anzahl der Teilnehmenden ist beschr\u00e4nkt, da nur eine Klasse gef\u00fchrt werden kann.<\/p>\n","protected":false},"excerpt":{"rendered":"<p>Im St\u00fctzkurs Deutsch vertiefen interessierte Erstkl\u00e4ssler\/innen ihre Deutschkenntnisse und sch\u00e4rfen ihr Bewusstsein f\u00fcr sprachliche Nuancen und Feinheiten.\u00a0Der Kurs zielt auf ein begleitetes Aufarbeiten von L\u00fccken\u2026 <a class=\"continue-reading-link\" href=\"https:\/\/ksr-lu.ch\/ksr-verbindet\/2017\/07\/19\/stuetzkurs-deutsch\/\">weiterlesen<\/a><\/p>\n","protected":false},"author":5,"featured_media":100,"comment_status":"open","ping_status":"open","sticky":false,"template":"","format":"standard","meta":[],"categories":[1],"tags":[23,24,25,26,27,28],"_links":{"self":[{"href":"https:\/\/ksr-lu.ch\/ksr-verbindet\/wp-json\/wp\/v2\/posts\/42"}],"collection":[{"href":"https:\/\/ksr-lu.ch\/ksr-verbindet\/wp-json\/wp\/v2\/posts"}],"about":[{"href":"https:\/\/ksr-lu.ch\/ksr-verbindet\/wp-json\/wp\/v2\/types\/post"}],"author":[{"embeddable":true,"href":"https:\/\/ksr-lu.ch\/ksr-verbindet\/wp-json\/wp\/v2\/users\/5"}],"replies":[{"embeddable":true,"href":"https:\/\/ksr-lu.ch\/ksr-verbindet\/wp-json\/wp\/v2\/comments?post=42"}],"version-history":[{"count":1,"href":"https:\/\/ksr-lu.ch\/ksr-verbindet\/wp-json\/wp\/v2\/posts\/42\/revisions"}],"predecessor-version":[{"id":43,"href":"https:\/\/ksr-lu.ch\/ksr-verbindet\/wp-json\/wp\/v2\/posts\/42\/revisions\/43"}],"wp:featuredmedia":[{"embeddable":true,"href":"https:\/\/ksr-lu.ch\/ksr-verbindet\/wp-json\/wp\/v2\/media\/100"}],"wp:attachment":[{"href":"https:\/\/ksr-lu.ch\/ksr-verbindet\/wp-json\/wp\/v2\/media?parent=42"}],"wp:term":[{"taxonomy":"category","embeddable":true,"href":"https:\/\/ksr-lu.ch\/ksr-verbindet\/wp-json\/wp\/v2\/categories?post=42"},{"taxonomy":"post_tag","embeddable":true,"href":"https:\/\/ksr-lu.ch\/ksr-verbindet\/wp-json\/wp\/v2\/tags?post=42"}],"curies":[{"name":"wp","href":"https:\/\/api.w.org\/{rel}","templated":true}]}}