{"id":48,"date":"2017-08-11T16:03:55","date_gmt":"2017-08-11T14:03:55","guid":{"rendered":"http:\/\/ksr-lu.ch\/ksr-forscht\/?p=48"},"modified":"2017-08-11T16:35:09","modified_gmt":"2017-08-11T14:35:09","slug":"energie-und-klimawochen","status":"publish","type":"post","link":"https:\/\/ksr-lu.ch\/ksr-forscht\/2017\/08\/11\/energie-und-klimawochen\/","title":{"rendered":"Energie- und Klimawochen"},"content":{"rendered":"<p>Regelm\u00e4ssig finden an der KSR in Zusammenarbeit mit verschiedenen Organisationen Energie- und Klimawochen f\u00fcr die gesamte Schule statt. Das Ziel dieser Wochen ist es, die Schulgemeinschaft f\u00fcr Klima- und Energiefragen zu sensibilisieren. Projektartig besch\u00e4ftigen sich die Klassen mit den Themen \u201eErneuerbare Energie\u201c, \u201eVerkehr\u201c, \u201eErn\u00e4hrung\u201c, \u201eAbfall\u201c und \u201eKlimawandel\u201c. Dies geschieht zum Beispiel durch die Umsetzung eigener Klimaprojekte (SchmaK \u2013 Sch\u00fcler\/innen machen Klimaschutz), durch das Experimentieren mit Fotovoltaik (Energiewoche) oder im Rahmen von Workshops mit Myclimate. Wir organisieren auch gemeinsame Schulanl\u00e4sse mit Vortr\u00e4gen, Musik, der Pr\u00e4mierung der besten SchmaK-Projekte oder eines Umzugs der gesamten Schulgemeinschaft am Tag der Sonne.\u00a0In diesem Zusammenhang sch\u00e4tzen wir die gewinnbringende Zusammenarbeit mit Solarspar, MyClimate, CKW Luzern.<\/p>\n","protected":false},"excerpt":{"rendered":"<p>Regelm\u00e4ssig finden an der KSR in Zusammenarbeit mit verschiedenen Organisationen Energie- und Klimawochen f\u00fcr die gesamte Schule statt. Das Ziel dieser Wochen ist es, die\u2026 <a class=\"continue-reading-link\" href=\"https:\/\/ksr-lu.ch\/ksr-forscht\/2017\/08\/11\/energie-und-klimawochen\/\">weiterlesen<\/a><\/p>\n","protected":false},"author":5,"featured_media":68,"comment_status":"open","ping_status":"open","sticky":false,"template":"","format":"standard","meta":[],"categories":[1],"tags":[7,11,32,33,34],"_links":{"self":[{"href":"https:\/\/ksr-lu.ch\/ksr-forscht\/wp-json\/wp\/v2\/posts\/48"}],"collection":[{"href":"https:\/\/ksr-lu.ch\/ksr-forscht\/wp-json\/wp\/v2\/posts"}],"about":[{"href":"https:\/\/ksr-lu.ch\/ksr-forscht\/wp-json\/wp\/v2\/types\/post"}],"author":[{"embeddable":true,"href":"https:\/\/ksr-lu.ch\/ksr-forscht\/wp-json\/wp\/v2\/users\/5"}],"replies":[{"embeddable":true,"href":"https:\/\/ksr-lu.ch\/ksr-forscht\/wp-json\/wp\/v2\/comments?post=48"}],"version-history":[{"count":1,"href":"https:\/\/ksr-lu.ch\/ksr-forscht\/wp-json\/wp\/v2\/posts\/48\/revisions"}],"predecessor-version":[{"id":49,"href":"https:\/\/ksr-lu.ch\/ksr-forscht\/wp-json\/wp\/v2\/posts\/48\/revisions\/49"}],"wp:featuredmedia":[{"embeddable":true,"href":"https:\/\/ksr-lu.ch\/ksr-forscht\/wp-json\/wp\/v2\/media\/68"}],"wp:attachment":[{"href":"https:\/\/ksr-lu.ch\/ksr-forscht\/wp-json\/wp\/v2\/media?parent=48"}],"wp:term":[{"taxonomy":"category","embeddable":true,"href":"https:\/\/ksr-lu.ch\/ksr-forscht\/wp-json\/wp\/v2\/categories?post=48"},{"taxonomy":"post_tag","embeddable":true,"href":"https:\/\/ksr-lu.ch\/ksr-forscht\/wp-json\/wp\/v2\/tags?post=48"}],"curies":[{"name":"wp","href":"https:\/\/api.w.org\/{rel}","templated":true}]}}