{"id":47,"date":"2021-02-05T17:42:51","date_gmt":"2021-02-05T16:42:51","guid":{"rendered":"https:\/\/ksr-lu.ch\/drawface\/?p=47"},"modified":"2021-02-25T13:47:15","modified_gmt":"2021-02-25T12:47:15","slug":"3-proportion-im-gesicht","status":"publish","type":"post","link":"https:\/\/ksr-lu.ch\/drawface\/2021\/02\/05\/3-proportion-im-gesicht\/","title":{"rendered":"3. Proportion im Gesicht"},"content":{"rendered":"\n<p>Hi!<\/p>\n\n\n\n<p>In diesem Post m\u00f6chte ich euch die Proportionalit\u00e4tsgesetze, welche innerhalb des Gesichts vorherrschen, nahebringen. Ich gehe auf K\u00fcnstler ein, welche bereits in der Renaissance das Gesicht und seine Eigenschaften studiert haben und zu deuten versuchten. Zudem f\u00fchre ich die heutigen Gesetze aus und erstelle anschliessend eine eigene Illustration der Proportionen im Gesicht.<\/p>\n\n\n\n<p>Doch was versteht man unter dem Begriff Proportionalit\u00e4t? Proportionalit\u00e4t dr\u00fcckt ein bestimmtes Verh\u00e4ltnis zwischen Gr\u00f6ssen aus, welches eingehalten werden muss, um ein harmonisches, gleichm\u00e4ssiges Resultat zu erlangen.<\/p>\n\n\n\n<p>In der Renaissance (ca. 1400-1600) begannen die K\u00fcnstler ihre Umgebung zu analysieren. Einfache Darlegungen der Kirche reichten nicht mehr. Ausserdem entstand durch das neue Gedankengut, dass der Mensch in Zentrum steht, der Antrieb f\u00fcr zahlreiche Maler, die Gesetze hinter einem Menschen zu ergr\u00fcnden. Solche Nachforschungen galten bis anhin als tabu, da der Mensch das Ebenbild Gottes darstellen sollte und somit als perfekt und unantastbar galt.<\/p>\n\n\n\n<p><strong>Leonardo da Vinci<\/strong> (1452-1519)<\/p>\n\n\n\n<p>Ein renommierter und wohl auch einer der ber\u00fchmtesten K\u00fcnstler der Renaissance ist Leonardo da Vinci. In bekannte Werke wie etwa die Mona Lisa oder das Abendmahl wurden h\u00e4ufig Menschen ins Zentrum gestellt. Hinter solchen Meisterwerken stecken unz\u00e4hlige Skizzen zur Proportionalit\u00e4t. Da Vinci fertigte Studienskizzen vom ganzen Menschen wie etwa beim vitruvianischen Menschen an. Doch auch das Gesicht stand in seinem Fokus. Seine Proportionsstudien von 1485 beinhalteten schon Gesetze, welche bis heute gelten.<\/p>\n\n\n\n<p><strong>Albrecht D\u00fcrer<\/strong> (1471-1528)<\/p>\n\n\n\n<p>Auch D\u00fcrer stellte immer wieder den Menschen in den Mittelpunkt. Seine Malereien veranschaulichen den Menschen aus den unterschiedlichsten Winkeln. Sein beliebtestes Motiv war aber dennoch das Gesicht. Zudem zeigte sich der K\u00fcnstler wiederholt in Selbstbildnissen. Im Jahr 1528 zeichnete er den Kopf in Studienarbeiten im Profil und erstellte Skizzen, in welchen er den Kopf aus mehreren Ansichten abbildete. Seine Arbeiten kamen modernen dreidimensionalen Computermodellen schon erstaunlich nahe.<br><br><em><span style=\"color:#bbbbbb\" class=\"has-inline-color\">https:\/\/wortwuchs.net\/literaturepochen\/renaissance\/ [31.01.2021]<\/span><\/em><\/p>\n\n\n\n<p><strong>Heutige Gesetze<\/strong><\/p>\n\n\n\n<p>Die zeitweiligen Konzepte f\u00fcr ein wohlproportioniertes Gesicht differenzieren sich im Grunde nur leicht von den \u00e4lteren Gesetzen. F\u00fcr diesen Eintrag versuche ich die wichtigsten Einteilungen in eine Abbildung zu verpacken. Weiter unten findet ihr einige massgebende Punkte, auf welche ihr euch beim Zeichnen auf jeden Fall achten solltet.<\/p>\n\n\n\n<p><img width=\"1623\" height=\"2048\" class=\"wp-image-54\" style=\"width: 700px\" src=\"http:\/\/ksr-lu.ch\/drawface\/wp-content\/uploads\/sites\/132\/2021\/01\/3.2.1-Proportion--e1611586959533.jpg\" alt=\"\" srcset=\"https:\/\/ksr-lu.ch\/drawface\/wp-content\/uploads\/sites\/132\/2021\/01\/3.2.1-Proportion--e1611586959533.jpg 1623w, https:\/\/ksr-lu.ch\/drawface\/wp-content\/uploads\/sites\/132\/2021\/01\/3.2.1-Proportion--e1611586959533-238x300.jpg 238w, https:\/\/ksr-lu.ch\/drawface\/wp-content\/uploads\/sites\/132\/2021\/01\/3.2.1-Proportion--e1611586959533-812x1024.jpg 812w, https:\/\/ksr-lu.ch\/drawface\/wp-content\/uploads\/sites\/132\/2021\/01\/3.2.1-Proportion--e1611586959533-768x969.jpg 768w, https:\/\/ksr-lu.ch\/drawface\/wp-content\/uploads\/sites\/132\/2021\/01\/3.2.1-Proportion--e1611586959533-1217x1536.jpg 1217w, https:\/\/ksr-lu.ch\/drawface\/wp-content\/uploads\/sites\/132\/2021\/01\/3.2.1-Proportion--e1611586959533-973x1228.jpg 973w, https:\/\/ksr-lu.ch\/drawface\/wp-content\/uploads\/sites\/132\/2021\/01\/3.2.1-Proportion--e1611586959533-508x641.jpg 508w\" sizes=\"(max-width: 1623px) 100vw, 1623px\" \/><\/p>\n\n\n\n<ul><li><strong>Symmetrie: <\/strong>Ungeachtet dessen, dass eine perfekt symmetrische Visage als unnat\u00fcrlich angesehen wird, solltet ihr bei euren Zeichnungen unbedingt Wert auf die Symmetrie legen. Asymmetrische Abbildungen k\u00f6nnen dazu f\u00fchren, dass das ganz Gesicht verzerrt wirkt.<\/li><li><strong>Kopfh\u00f6he: <\/strong>Kinn-Nasenspitze, Nasenspitze-Augenbrauen, Augenbrauen-Haaransatz sollten dieselbe H\u00f6he teilen (3\/11). Auch Kinn-Mund, Nasenspitze-Augen, Haaransatz-Kopfende entsprechen dem gleichen Abstand (2\/11).<\/li><li><strong>Kopfl\u00e4nge:<\/strong> Die Kopfl\u00e4nge wird in f\u00fcnf Abschnitte eingeteilt (1\/5). Ein F\u00fcnftel entspricht dabei der Augenbreite. Falls euch der Augenabstand Probleme bereitet, merkt euch, dass sich zwischen das Augenpaar ein drittes Auge eingliedern k\u00f6nnte.<\/li><li><strong>Augen: <\/strong>Die Augen sind ein bedeutendes Mass. Oftmals platziert man sie zu hoch im Kopf. Die Pupille sollte sich exakt in der Mitte der gesamten Kopfh\u00f6he befinden (1\/2).<\/li><\/ul>\n\n\n\n<p>Danke, dass ihr weiterhin meine Beitr\u00e4ge verfolgt. Vielleicht findet ihr Anwendung f\u00fcr das Gelernte in euren Zeichnungen von Gesichtern.<\/p>\n\n\n\n<p>Bis zum kommenden Post\u2026<\/p>\n","protected":false},"excerpt":{"rendered":"<p>Hi! In diesem Post m\u00f6chte ich euch die Proportionalit\u00e4tsgesetze, welche innerhalb des Gesichts vorherrschen, nahebringen. Ich gehe auf K\u00fcnstler ein, welche bereits in der Renaissance das Gesicht und&#8230;<\/p>\n","protected":false},"author":163,"featured_media":46,"comment_status":"open","ping_status":"open","sticky":false,"template":"","format":"standard","meta":[],"categories":[1],"tags":[],"_links":{"self":[{"href":"https:\/\/ksr-lu.ch\/drawface\/wp-json\/wp\/v2\/posts\/47"}],"collection":[{"href":"https:\/\/ksr-lu.ch\/drawface\/wp-json\/wp\/v2\/posts"}],"about":[{"href":"https:\/\/ksr-lu.ch\/drawface\/wp-json\/wp\/v2\/types\/post"}],"author":[{"embeddable":true,"href":"https:\/\/ksr-lu.ch\/drawface\/wp-json\/wp\/v2\/users\/163"}],"replies":[{"embeddable":true,"href":"https:\/\/ksr-lu.ch\/drawface\/wp-json\/wp\/v2\/comments?post=47"}],"version-history":[{"count":11,"href":"https:\/\/ksr-lu.ch\/drawface\/wp-json\/wp\/v2\/posts\/47\/revisions"}],"predecessor-version":[{"id":98,"href":"https:\/\/ksr-lu.ch\/drawface\/wp-json\/wp\/v2\/posts\/47\/revisions\/98"}],"wp:featuredmedia":[{"embeddable":true,"href":"https:\/\/ksr-lu.ch\/drawface\/wp-json\/wp\/v2\/media\/46"}],"wp:attachment":[{"href":"https:\/\/ksr-lu.ch\/drawface\/wp-json\/wp\/v2\/media?parent=47"}],"wp:term":[{"taxonomy":"category","embeddable":true,"href":"https:\/\/ksr-lu.ch\/drawface\/wp-json\/wp\/v2\/categories?post=47"},{"taxonomy":"post_tag","embeddable":true,"href":"https:\/\/ksr-lu.ch\/drawface\/wp-json\/wp\/v2\/tags?post=47"}],"curies":[{"name":"wp","href":"https:\/\/api.w.org\/{rel}","templated":true}]}}