{"id":121,"date":"2021-04-02T12:07:39","date_gmt":"2021-04-02T10:07:39","guid":{"rendered":"https:\/\/ksr-lu.ch\/drawface\/?p=121"},"modified":"2021-04-22T13:52:53","modified_gmt":"2021-04-22T11:52:53","slug":"6-geschichte-der-schoenheit-und-nase","status":"publish","type":"post","link":"https:\/\/ksr-lu.ch\/drawface\/2021\/04\/02\/6-geschichte-der-schoenheit-und-nase\/","title":{"rendered":"6. Geschichte der Sch\u00f6nheit und Nase"},"content":{"rendered":"\n<p>Hallo in diesem Post!<\/p>\n\n\n\n<p>Mit diesem Beitrag liefere ich euch, wie das letzte Mal versprochen, noch den zweiten Teil zur Geschichte der Sch\u00f6nheit in der Kunst. Falls ihr den ersten Teil noch nicht gelesen habt, k\u00f6nnt ihr das gerne <a href=\"https:\/\/ksr-lu.ch\/drawface\/2021\/03\/21\/5-geschichte-der-schoenheit-und-mund\/\"><span style=\"color:#bbbbbb\" class=\"has-inline-color\">hier<\/span><\/a> nachholen. Sp\u00e4ter folgend steht ausserdem noch die Anleitung zum Zeichnen der Nase, welche ihr schon im Beitragsbild angetroffen habt. Doch nun zum Theorieabschnitt.<\/p>\n\n\n\n<p><strong>Geschichte der Sch\u00f6nheit in der Kunst<\/strong><\/p>\n\n\n\n<p>Sch\u00f6nheit trifft man in praktisch jeder Zeitepoche an. Nachdem wir uns im vorherigen Post mit der griechischen Kunst besch\u00e4ftigt haben, geht es nun im Mittelalter weiter.<\/p>\n\n\n\n<ul><li><strong>Gottesmutter Tricheirousa<\/strong><\/li><\/ul>\n\n\n\n<p>Im Mittelalter war es schwer, ein typisches Portrait oder eine Skulptur zu finden, da sich die Kunst in dieser Zeit signifikant von der griechischen Darstellung unterscheidet. Die Kirche kontrollierte die Kunst. Die K\u00fcnstler dienten der Kirche und das zeigt sich auch in den unz\u00e4hligen religi\u00f6sen Abbildungen. Die Namen der K\u00fcnstler sind oft nicht bekannt. Ich habe mich trotzdem f\u00fcr eine Malerei entschieden, welche die Sch\u00f6nheit des Mittelalters widerspiegelt. Die \u00ab<a href=\"https:\/\/de.wikipedia.org\/wiki\/Marienbildnis#\/media\/Datei:%D0%98%D0%BA%D0%BE%D0%BD%D0%B0-%D0%91%D0%BE%D0%B6%D0%B8%D0%B5%D0%B9-%D0%9C%D0%B0%D1%82%D0%B5%D1%80%D0%B8-%D0%A2%D1%80%D0%BE%D0%B5%D1%80%D1%83%D1%87%D0%B8%D1%86%D0%B0.jpg\"><span style=\"color:#bbbbbb\" class=\"has-inline-color\">Gottesmutter Tricheirousa<\/span><\/a>\u00bb ist eine Abbildung von Maria mit Kind aus dem 14. Jahrhundert. Maria, welche im Christentum als die Mutter von Jesus gilt, wird stets prachtvoll abgebildet. Typisch f\u00fcr das Mittelalter ist die goldene Farbe, welche f\u00fcr das himmlische Licht steht. Andere Symbole sind etwa die erhobene, sch\u00fctzende Hand oder der Heiligenschein. Es wurde haupts\u00e4chlich fl\u00e4chig dargestellt.<br><em><span style=\"color:#bbbbbb\" class=\"has-inline-color\">https:\/\/www.icon-art.info\/book_contents.php?book_id=51#pic1<\/span><\/em> <em><span style=\"color:#bbbbbb\" class=\"has-inline-color\">[28.03.21]<\/span><\/em><\/p>\n\n\n\n<ul><li><strong>Die Geburt der Venus<\/strong><\/li><\/ul>\n\n\n\n<p>Nach dem Mittelalter kam die Renaissance. Die Kunst bewegte sich von den strikten Vorgaben der Kirche weg. Vielmehr orientierte man sich an den griechischen Vorlagen. Proportionalit\u00e4t wurde wieder richtig abgebildet. Ein Beispiel daf\u00fcr ist \u00ab<a href=\"https:\/\/de.wikipedia.org\/wiki\/Die_Geburt_der_Venus_(Botticelli)#\/media\/Datei:Sandro_Botticelli_-_La_nascita_di_Venere_-_Google_Art_Project_-_edited.jpg\"><span style=\"color:#bbbbbb\" class=\"has-inline-color\">Die Geburt der Venus<\/span><\/a>\u00bb von Sandro Botticelli. Das Gem\u00e4lde entstand um 1485. Es wurden viele althergebrachte Vorschriften der Kirche, wie etwa das Verbot der Nacktheit oder des genauen Abbildens, gebrochen. Die Venusfigur aus dem antiken Griechenland wurde wieder als Element der Sch\u00f6nheit aufgegriffen. Sie steht im Zentrum, was sich auch mit dem Menschenbild der Renaissance deckt.<br><span style=\"color:#bbbbbb\" class=\"has-inline-color\"><em>https:\/\/blog.singulart.com\/de\/2019\/03\/26\/die-geburt-der-venus-von-sandro-botticelli\/<\/em><\/span><em><span style=\"color:#bbbbbb\" class=\"has-inline-color\"> [28.03.21]<\/span><\/em><\/p>\n\n\n\n<ul><li><strong>Portrait Anna Karolina<\/strong><\/li><\/ul>\n\n\n\n<p>W\u00e4hrend des Barocks entdeckten unz\u00e4hlige Adelige die Kunst f\u00fcr sich. So entstanden in dieser Zeit Gem\u00e4lde, in welchen man den Prunk des hohen Standes erkennen kann. Das Bild \u00ab<a href=\"https:\/\/de.wikipedia.org\/wiki\/Barock#\/media\/Datei:Jan_Thomas_-_Infanta_Margaret_Theresa,_Empress,_in_theater_dress.jpg\"><span style=\"color:#bbbbbb\" class=\"has-inline-color\">Kaiserin Margarita Teresa im allegorischen Festgewand<\/span><\/a>\u00bb ist nur eines von solchen Malereien dieser Zeit. Das Gem\u00e4lde entstand um 1667 und wurde von Johannes Thomas gemalt. Sch\u00f6nheit definierte man \u00fcber prunkvolle, \u00fcppige Kleidung mit teuren Stoffen und Farben. Zudem galt eine makellose, weisse Haut als Sch\u00f6nheitsindiz.<br><em><span style=\"color:#bbbbbb\" class=\"has-inline-color\">https:\/\/de.wikipedia.org\/wiki\/Barock [28.03.21]<\/span><\/em><\/p>\n\n\n\n<p>Das wars auch schon mit meinem Theorieteil. Ich hoffe, dass die einzelnen Werke euch einen kleinen Einblick in die Kunstwelt unserer Vorfahren gab. Nun gelangen wir aber zu einer n\u00e4chsten Gesichtspartie \u2013 der Nase. &nbsp;<\/p>\n\n\n\n<p><strong>Nase Anleitung<\/strong><\/p>\n\n\n\n<p>Die heutige Anleitung f\u00e4llt etwas k\u00fcrzer aus, da die Nase nicht so anspruchsvoll zu zeichnen ist. Die Haut liegt glatt auf der Nase und die einzige Herausforderung ist es, die K\u00f6rperhaftigkeit hinzukriegen. Lest die Anleitung aber trotzdem zuerst durch, bevor ihr einen Stift in die Hand nehmt. Viel Spass beim Nachzeichnen.<\/p>\n\n\n\n<p class=\"has-text-align-center\"><img width=\"2048\" height=\"1365\" class=\"wp-image-122\" style=\"width: 400px\" src=\"http:\/\/ksr-lu.ch\/drawface\/wp-content\/uploads\/sites\/132\/2021\/03\/6.1-Schritt-1.jpg\" alt=\"\" srcset=\"https:\/\/ksr-lu.ch\/drawface\/wp-content\/uploads\/sites\/132\/2021\/03\/6.1-Schritt-1.jpg 2048w, https:\/\/ksr-lu.ch\/drawface\/wp-content\/uploads\/sites\/132\/2021\/03\/6.1-Schritt-1-300x200.jpg 300w, https:\/\/ksr-lu.ch\/drawface\/wp-content\/uploads\/sites\/132\/2021\/03\/6.1-Schritt-1-1024x683.jpg 1024w, https:\/\/ksr-lu.ch\/drawface\/wp-content\/uploads\/sites\/132\/2021\/03\/6.1-Schritt-1-768x512.jpg 768w, https:\/\/ksr-lu.ch\/drawface\/wp-content\/uploads\/sites\/132\/2021\/03\/6.1-Schritt-1-1536x1024.jpg 1536w, https:\/\/ksr-lu.ch\/drawface\/wp-content\/uploads\/sites\/132\/2021\/03\/6.1-Schritt-1-973x649.jpg 973w, https:\/\/ksr-lu.ch\/drawface\/wp-content\/uploads\/sites\/132\/2021\/03\/6.1-Schritt-1-508x339.jpg 508w\" sizes=\"(max-width: 2048px) 100vw, 2048px\" \/><\/p>\n\n\n\n<p class=\"has-text-align-left\"><strong>1. Grundlinien: <\/strong>Wie auch schon bei den letzten zwei Beitr\u00e4gen beginnt alles mit den Grundlinien. Das von mir erstellte Schema scheint auf den ersten Blick wirr und kompliziert. Aber gerade bei der Nase lohnt es sich, sich die Zeit zu nehmen, um einen solchen Grundbau zu erstellen. Im Gegensatz zu den letzten Anleitungen wird mit der Nase ein Objekt verk\u00f6rpert, welches viele H\u00f6hen und Tiefen und dementsprechend unterschiedliche Schattierungen hat.<\/p>\n\n\n\n<p class=\"has-text-align-center\"><img width=\"2048\" height=\"1365\" class=\"wp-image-123\" style=\"width: 400px\" src=\"http:\/\/ksr-lu.ch\/drawface\/wp-content\/uploads\/sites\/132\/2021\/03\/6.1-Schritt-2.jpg\" alt=\"\" srcset=\"https:\/\/ksr-lu.ch\/drawface\/wp-content\/uploads\/sites\/132\/2021\/03\/6.1-Schritt-2.jpg 2048w, https:\/\/ksr-lu.ch\/drawface\/wp-content\/uploads\/sites\/132\/2021\/03\/6.1-Schritt-2-300x200.jpg 300w, https:\/\/ksr-lu.ch\/drawface\/wp-content\/uploads\/sites\/132\/2021\/03\/6.1-Schritt-2-1024x683.jpg 1024w, https:\/\/ksr-lu.ch\/drawface\/wp-content\/uploads\/sites\/132\/2021\/03\/6.1-Schritt-2-768x512.jpg 768w, https:\/\/ksr-lu.ch\/drawface\/wp-content\/uploads\/sites\/132\/2021\/03\/6.1-Schritt-2-1536x1024.jpg 1536w, https:\/\/ksr-lu.ch\/drawface\/wp-content\/uploads\/sites\/132\/2021\/03\/6.1-Schritt-2-973x649.jpg 973w, https:\/\/ksr-lu.ch\/drawface\/wp-content\/uploads\/sites\/132\/2021\/03\/6.1-Schritt-2-508x339.jpg 508w\" sizes=\"(max-width: 2048px) 100vw, 2048px\" \/><\/p>\n\n\n\n<p class=\"has-text-align-left\"><strong>2. Schattierungen: <\/strong>Nun zahlt sich die Arbeit des ersten Schritts aus. Die Helligkeit der Schattierungen k\u00f6nnen grunds\u00e4tzlich nach Feld und entlang der Linien gesetzt werden. Die Fl\u00e4chen links und rechts des Nasenbeins und die Linien entlang der kleinen Kreise dunkelt man leicht ab. Die Form der Nasenl\u00f6cher, welche in Schwarz gezeichnet werden, kann in der Frontalansicht etwas gew\u00f6hnungsbed\u00fcrftig sein. Mein Tipp: \u00dcbt die Form zuvor auf einem leeren Zeichnungspapier anhand eines Fotos oder meiner Zeichnung. Zu beachten gilt, dass auch wenn ihr fl\u00e4chig vorgehen k\u00f6nnt, die einzelnen \u00dcberg\u00e4nge zwischen den Abteilen trotzdem fein ausgearbeitet werden m\u00fcssen.<\/p>\n\n\n\n<p class=\"has-text-align-center\"><img width=\"2048\" height=\"1365\" class=\"wp-image-124\" style=\"width: 400px\" src=\"http:\/\/ksr-lu.ch\/drawface\/wp-content\/uploads\/sites\/132\/2021\/03\/6.1-Schritt-3.jpg\" alt=\"\" srcset=\"https:\/\/ksr-lu.ch\/drawface\/wp-content\/uploads\/sites\/132\/2021\/03\/6.1-Schritt-3.jpg 2048w, https:\/\/ksr-lu.ch\/drawface\/wp-content\/uploads\/sites\/132\/2021\/03\/6.1-Schritt-3-300x200.jpg 300w, https:\/\/ksr-lu.ch\/drawface\/wp-content\/uploads\/sites\/132\/2021\/03\/6.1-Schritt-3-1024x683.jpg 1024w, https:\/\/ksr-lu.ch\/drawface\/wp-content\/uploads\/sites\/132\/2021\/03\/6.1-Schritt-3-768x512.jpg 768w, https:\/\/ksr-lu.ch\/drawface\/wp-content\/uploads\/sites\/132\/2021\/03\/6.1-Schritt-3-1536x1024.jpg 1536w, https:\/\/ksr-lu.ch\/drawface\/wp-content\/uploads\/sites\/132\/2021\/03\/6.1-Schritt-3-973x649.jpg 973w, https:\/\/ksr-lu.ch\/drawface\/wp-content\/uploads\/sites\/132\/2021\/03\/6.1-Schritt-3-508x339.jpg 508w\" sizes=\"(max-width: 2048px) 100vw, 2048px\" \/><\/p>\n\n\n\n<p><strong>3. Highlights: <\/strong>Im letzten Schritt setzt man noch die Highlights, also die Glanzstellen. Aus einer zweidimensionalen wird eine k\u00f6rperhafte Figur. Um die Highlights zu setzen, m\u00fcsst ihr nicht zwingend eine Vorlage verwenden. Die hellen Stellen befinden sich grunds\u00e4tzlich auf der Nasenspitze und dem Nasenbein. Hierbei solltet ihr jedoch beachten, dass ihr eine Seite etwas st\u00e4rker mit Weiss ausstattet. Das Licht f\u00e4llt meistens von einer Richtung intensiver auf die Nase ein. F\u00fcr eine genauere Ausf\u00fchrung zum Thema Licht, solltet ihr auf den n\u00e4chsten Beitrag warten.<\/p>\n\n\n\n<p>Das war nun schon die zweitletzte Anleitung zu einer Gesichtspartie. Hoffentlich k\u00f6nnt ihr f\u00fcr meine Tipps und Schritte Anwendung finden. Das n\u00e4chste Mal besch\u00e4ftigen wir uns noch, wie schon weiter oben erw\u00e4hnt, mit dem Licht im Zeichnen und dessen Aufgabe. Ausserdem erstelle ich noch eine letzte Anleitung.<\/p>\n\n\n\n<p>Wir sehen uns das n\u00e4chste Mal\u2026<\/p>\n","protected":false},"excerpt":{"rendered":"<p>Hallo in diesem Post! Mit diesem Beitrag liefere ich euch, wie das letzte Mal versprochen, noch den zweiten Teil zur Geschichte der Sch\u00f6nheit in der Kunst. Falls ihr&#8230;<\/p>\n","protected":false},"author":163,"featured_media":124,"comment_status":"open","ping_status":"open","sticky":false,"template":"","format":"standard","meta":[],"categories":[1],"tags":[],"_links":{"self":[{"href":"https:\/\/ksr-lu.ch\/drawface\/wp-json\/wp\/v2\/posts\/121"}],"collection":[{"href":"https:\/\/ksr-lu.ch\/drawface\/wp-json\/wp\/v2\/posts"}],"about":[{"href":"https:\/\/ksr-lu.ch\/drawface\/wp-json\/wp\/v2\/types\/post"}],"author":[{"embeddable":true,"href":"https:\/\/ksr-lu.ch\/drawface\/wp-json\/wp\/v2\/users\/163"}],"replies":[{"embeddable":true,"href":"https:\/\/ksr-lu.ch\/drawface\/wp-json\/wp\/v2\/comments?post=121"}],"version-history":[{"count":7,"href":"https:\/\/ksr-lu.ch\/drawface\/wp-json\/wp\/v2\/posts\/121\/revisions"}],"predecessor-version":[{"id":180,"href":"https:\/\/ksr-lu.ch\/drawface\/wp-json\/wp\/v2\/posts\/121\/revisions\/180"}],"wp:featuredmedia":[{"embeddable":true,"href":"https:\/\/ksr-lu.ch\/drawface\/wp-json\/wp\/v2\/media\/124"}],"wp:attachment":[{"href":"https:\/\/ksr-lu.ch\/drawface\/wp-json\/wp\/v2\/media?parent=121"}],"wp:term":[{"taxonomy":"category","embeddable":true,"href":"https:\/\/ksr-lu.ch\/drawface\/wp-json\/wp\/v2\/categories?post=121"},{"taxonomy":"post_tag","embeddable":true,"href":"https:\/\/ksr-lu.ch\/drawface\/wp-json\/wp\/v2\/tags?post=121"}],"curies":[{"name":"wp","href":"https:\/\/api.w.org\/{rel}","templated":true}]}}